{"id":4600,"date":"2019-07-28T12:11:19","date_gmt":"2019-07-28T10:11:19","guid":{"rendered":"http:\/\/lesmaconsdelacreuse.fr\/annuaire\/?p=4600"},"modified":"2020-10-09T08:59:10","modified_gmt":"2020-10-09T06:59:10","slug":"s_221","status":"publish","type":"post","link":"https:\/\/www.lesmaconsdelacreuse.fr\/annuaires\/lettre-s\/s_221\/","title":{"rendered":"SAVY Fran\u00e7ois (vers 1761-entre 1812 et 1830)"},"content":{"rendered":"<p class=\"last-updated\"><strong>Mis \u00e0 jour le :<\/strong> 30\/04\/2026<\/p><h2 style=\"text-align: center;\"><strong>Fran\u00e7ois SAVY<\/strong><\/h2>\n<p style=\"text-align: center;\"><strong>vers 1761 &#8211; entre 1812 et 1830<\/strong><\/p>\n<p style=\"text-align: center;\"><img decoding=\"async\" title=\"\" src=\"https:\/\/lesmaconsdelacreuse.fr\/annuaire\/wp-content\/uploads\/2019\/07\/image1-997.jpg\" alt=\"\" data-asset-id=\"4598\" data-source-id=\"i.0\" \/><\/p>\n<h4 style=\"text-align: center;\"><span style=\"color: #008000;\"><strong>ma\u00e7on<\/strong>; <strong>laboureur <\/strong>et<strong> \u25ba<a href=\"https:\/\/www.lesmaconsdelacreuse.fr\/annuaires\/wp-content\/uploads\/2020\/08\/FERMIER-M\u00c9TAYER.png\" target=\"_blank\" rel=\"noopener noreferrer\"><span style=\"color: #008000;\">fermier<\/span><\/a><br \/>\n<\/strong><\/span><\/h4>\n<p>&nbsp;<\/p>\n<p style=\"text-align: center;\">n\u00e9 au Savenier (Chavanat)\u00a0?<\/p>\n<p style=\"text-align: center;\">fils de<\/p>\n<p style=\"text-align: center;\">L\u00e9onard SAVY \/ Marie MARTIN<\/p>\n<p style=\"text-align: center;\">laboureurs<\/p>\n<p style=\"text-align: center;\"><span style=\"color: #ffffff;\">\u25d9<\/span><\/p>\n<p><em>Fran\u00e7ois \u00e9pouse Marie <\/em><strong>LAGRANGE<\/strong><em> le 29 janvier <\/em><strong>1787<\/strong> <em>\u00e0 Saint-Pierre-le-Bost.<\/em><\/p>\n<p><em> Ils habitent La Villatte, m\u00eame commune.<\/em><\/p>\n<p>&nbsp;<\/p>\n","protected":false},"excerpt":{"rendered":"<p>Mis \u00e0 jour le : 30\/04\/2026Fran\u00e7ois SAVY vers 1761 &#8211; entre 1812 et 1830 ma\u00e7on; laboureur et \u25bafermier &nbsp; n\u00e9 au Savenier (Chavanat)\u00a0? fils de L\u00e9onard SAVY \/ Marie MARTIN laboureurs \u25d9 Fran\u00e7ois \u00e9pouse Marie LAGRANGE le 29 janvier 1787 \u00e0 Saint-Pierre-le-Bost. Ils habitent La Villatte, m\u00eame commu..<\/p>\n<div class=\"clear-fix\"><\/div>\n<p><a href=\"https:\/\/www.lesmaconsdelacreuse.fr\/annuaires\/lettre-s\/s_221\/\" title=\"Lire la suite...\">Lire la suite<\/a><\/p>\n","protected":false},"author":2,"featured_media":0,"comment_status":"closed","ping_status":"closed","sticky":false,"template":"","format":"standard","meta":{"_acf_changed":false,"_exactmetrics_skip_tracking":false,"_exactmetrics_sitenote_active":false,"_exactmetrics_sitenote_note":"","_exactmetrics_sitenote_category":0,"footnotes":""},"categories":[12],"tags":[],"class_list":["post-4600","post","type-post","status-publish","format-standard","hentry","category-lettre-s"],"acf":[],"_links":{"self":[{"href":"https:\/\/www.lesmaconsdelacreuse.fr\/annuaires\/wp-json\/wp\/v2\/posts\/4600","targetHints":{"allow":["GET"]}}],"collection":[{"href":"https:\/\/www.lesmaconsdelacreuse.fr\/annuaires\/wp-json\/wp\/v2\/posts"}],"about":[{"href":"https:\/\/www.lesmaconsdelacreuse.fr\/annuaires\/wp-json\/wp\/v2\/types\/post"}],"author":[{"embeddable":true,"href":"https:\/\/www.lesmaconsdelacreuse.fr\/annuaires\/wp-json\/wp\/v2\/users\/2"}],"replies":[{"embeddable":true,"href":"https:\/\/www.lesmaconsdelacreuse.fr\/annuaires\/wp-json\/wp\/v2\/comments?post=4600"}],"version-history":[{"count":0,"href":"https:\/\/www.lesmaconsdelacreuse.fr\/annuaires\/wp-json\/wp\/v2\/posts\/4600\/revisions"}],"wp:attachment":[{"href":"https:\/\/www.lesmaconsdelacreuse.fr\/annuaires\/wp-json\/wp\/v2\/media?parent=4600"}],"wp:term":[{"taxonomy":"category","embeddable":true,"href":"https:\/\/www.lesmaconsdelacreuse.fr\/annuaires\/wp-json\/wp\/v2\/categories?post=4600"},{"taxonomy":"post_tag","embeddable":true,"href":"https:\/\/www.lesmaconsdelacreuse.fr\/annuaires\/wp-json\/wp\/v2\/tags?post=4600"}],"curies":[{"name":"wp","href":"https:\/\/api.w.org\/{rel}","templated":true}]}}