{"id":4601,"date":"2019-07-28T12:11:18","date_gmt":"2019-07-28T10:11:18","guid":{"rendered":"http:\/\/lesmaconsdelacreuse.fr\/annuaire\/?p=4601"},"modified":"2020-01-20T11:30:04","modified_gmt":"2020-01-20T10:30:04","slug":"s_196","status":"publish","type":"post","link":"https:\/\/www.lesmaconsdelacreuse.fr\/annuaires\/lettre-s\/s_196\/","title":{"rendered":"SAUVANAUD L\u00e9onard (1708-apr\u00e8s 1755)"},"content":{"rendered":"<p class=\"last-updated\"><strong>Mis \u00e0 jour le :<\/strong> 30\/04\/2026<\/p><h2 style=\"text-align: center;\"><strong>L\u00e9onard SAUVANAUD<\/strong><\/h2>\n<p style=\"text-align: center;\"><strong>1708 \u2013 apr\u00e8s 1755<\/strong><\/p>\n<p style=\"text-align: center;\"><img decoding=\"async\" title=\"\" src=\"https:\/\/lesmaconsdelacreuse.fr\/annuaire\/wp-content\/uploads\/2019\/07\/image1-998.jpg\" alt=\"\" data-asset-id=\"4599\" data-source-id=\"i.0\" \/><\/p>\n<h4 style=\"text-align: center;\"><span style=\"color: #008000;\"><strong>ma\u00e7on<\/strong><\/span><\/h4>\n<p style=\"text-align: center;\">n\u00e9 \u00e0 Planchat (Saint-Pierre-le-Bost)<\/p>\n<p style=\"text-align: center;\">le 2 novembre 1708<\/p>\n<p style=\"text-align: center;\">fils de<\/p>\n<p style=\"text-align: center;\">Gilbert SAUVANAUD,<span style=\"color: #008000;\"> <strong>ma\u00e7on \/ <\/strong><\/span>Marie DELOUIS<\/p>\n<p style=\"text-align: center;\">laboureurs<\/p>\n<p style=\"text-align: center;\"><span style=\"color: #ffffff;\">\u25d9<\/span><\/p>\n<p><em>L\u00e9onard \u00e9pouse Marie <\/em><strong>PLANCHADEAU <\/strong><em>le 18 f\u00e9vrier <\/em><strong>1727<\/strong> <em>\u00e0 Saint-Pierre (contrat Delavergne au Monteil-au-Vicomte).<\/em><\/p>\n<p><em> Ils habitent Planchat o\u00f9 d\u00e9c\u00e8de Marie le 12 octobre de la m\u00eame ann\u00e9e, \u00e2g\u00e9e de 17 ans environ.<\/em><\/p>\n<p><em>L\u00e9onard se remarie le 20 f\u00e9vrier <\/em><strong>1730<\/strong><em> \u00e0 Saint-Pierre avec Marie <\/em><strong>MAZET <\/strong><em>(contrat Darfeuille \u00e0 Ch\u00e2tain). Ils habitent aussi Planchat.<\/em><\/p>\n<p><em>Marie y d\u00e9c\u00e8de le 17 septembre <\/em><strong>1737<\/strong><em>, \u00e2g\u00e9e de 24 ans.<\/em><\/p>\n<p><strong>En 1738<\/strong><em>, L\u00e9onard se marie en 3e noces avec L\u00e9onarde <\/em><strong>GAMBEAU<\/strong><em>, veuve de Jean DUBEZ (contrat Delavergne au Monteil-au-Vicomte). <\/em><\/p>\n","protected":false},"excerpt":{"rendered":"<p>Mis \u00e0 jour le : 30\/04\/2026L\u00e9onard SAUVANAUD 1708 \u2013 apr\u00e8s 1755 ma\u00e7on n\u00e9 \u00e0 Planchat (Saint-Pierre-le-Bost) le 2 novembre 1708 fils de Gilbert SAUVANAUD, ma\u00e7on \/ Marie DELOUIS laboureurs \u25d9 L\u00e9onard \u00e9pouse Marie PLANCHADEAU le 18 f\u00e9vrier 1727 \u00e0 Saint-Pierre (contrat Delavergne au Monteil-au-Vicomte). Ils habitent Planchat o\u00f9 d\u00e9c\u00e8de Marie le 12 octobre de la ..<\/p>\n<div class=\"clear-fix\"><\/div>\n<p><a href=\"https:\/\/www.lesmaconsdelacreuse.fr\/annuaires\/lettre-s\/s_196\/\" title=\"Lire la suite...\">Lire la suite<\/a><\/p>\n","protected":false},"author":2,"featured_media":0,"comment_status":"closed","ping_status":"closed","sticky":false,"template":"","format":"standard","meta":{"_acf_changed":false,"_exactmetrics_skip_tracking":false,"_exactmetrics_sitenote_active":false,"_exactmetrics_sitenote_note":"","_exactmetrics_sitenote_category":0,"footnotes":""},"categories":[12],"tags":[],"class_list":["post-4601","post","type-post","status-publish","format-standard","hentry","category-lettre-s"],"acf":[],"_links":{"self":[{"href":"https:\/\/www.lesmaconsdelacreuse.fr\/annuaires\/wp-json\/wp\/v2\/posts\/4601","targetHints":{"allow":["GET"]}}],"collection":[{"href":"https:\/\/www.lesmaconsdelacreuse.fr\/annuaires\/wp-json\/wp\/v2\/posts"}],"about":[{"href":"https:\/\/www.lesmaconsdelacreuse.fr\/annuaires\/wp-json\/wp\/v2\/types\/post"}],"author":[{"embeddable":true,"href":"https:\/\/www.lesmaconsdelacreuse.fr\/annuaires\/wp-json\/wp\/v2\/users\/2"}],"replies":[{"embeddable":true,"href":"https:\/\/www.lesmaconsdelacreuse.fr\/annuaires\/wp-json\/wp\/v2\/comments?post=4601"}],"version-history":[{"count":0,"href":"https:\/\/www.lesmaconsdelacreuse.fr\/annuaires\/wp-json\/wp\/v2\/posts\/4601\/revisions"}],"wp:attachment":[{"href":"https:\/\/www.lesmaconsdelacreuse.fr\/annuaires\/wp-json\/wp\/v2\/media?parent=4601"}],"wp:term":[{"taxonomy":"category","embeddable":true,"href":"https:\/\/www.lesmaconsdelacreuse.fr\/annuaires\/wp-json\/wp\/v2\/categories?post=4601"},{"taxonomy":"post_tag","embeddable":true,"href":"https:\/\/www.lesmaconsdelacreuse.fr\/annuaires\/wp-json\/wp\/v2\/tags?post=4601"}],"curies":[{"name":"wp","href":"https:\/\/api.w.org\/{rel}","templated":true}]}}