{"id":4606,"date":"2019-07-28T12:11:18","date_gmt":"2019-07-28T10:11:18","guid":{"rendered":"http:\/\/lesmaconsdelacreuse.fr\/annuaire\/?p=4606"},"modified":"2022-05-26T16:50:11","modified_gmt":"2022-05-26T14:50:11","slug":"s_194","status":"publish","type":"post","link":"https:\/\/www.lesmaconsdelacreuse.fr\/annuaires\/lettre-s\/s_194\/","title":{"rendered":"SAUVANAUD Joseph (1861-1939)"},"content":{"rendered":"<p class=\"last-updated\"><strong>Mis \u00e0 jour le :<\/strong> 30\/04\/2026<\/p><h2 style=\"text-align: center;\"><strong>Joseph SAUVANAUD<\/strong><\/h2>\n<p style=\"text-align: center;\"><strong>1861 \u2013 1939<\/strong><\/p>\n<p style=\"text-align: center;\"><img decoding=\"async\" title=\"\" src=\"https:\/\/lesmaconsdelacreuse.fr\/annuaire\/wp-content\/uploads\/2019\/07\/image1-1000.jpg\" alt=\"\" data-asset-id=\"4605\" data-source-id=\"i.0\" \/><\/p>\n<h4 style=\"text-align: center;\"><span style=\"color: #008000;\"><strong>teinturier ; <\/strong><\/span><strong>\u25ba <a href=\"https:\/\/www.lesmaconsdelacreuse.fr\/annuaires\/wp-content\/uploads\/2019\/07\/MAITRE-COMPAGNON.png\" target=\"_blank\" rel=\"noopener noreferrer\"><span style=\"color: #008000;\">ma\u00eetre compagnon<\/span><\/a><\/strong><span style=\"color: #000000;\">\u00a0; <\/span><span style=\"color: #008000;\"><strong>entrepreneur de ma\u00e7onnerie<\/strong><\/span><\/h4>\n<p>&nbsp;<\/p>\n<p style=\"text-align: center;\">n\u00e9 au bourg du Monteil-au-Vicomte<\/p>\n<p style=\"text-align: center;\">le 18 novembre 1861<\/p>\n<p style=\"text-align: center;\">fils de<\/p>\n<p style=\"text-align: center;\">L\u00e9onard SAUVANAUD, teinturier \/ Louise CHANSARDON<\/p>\n<p style=\"text-align: center;\"><span style=\"color: #ffffff;\">\u25d9<\/span><\/p>\n<p style=\"text-align: left;\"><strong>En 1881<\/strong><em>, Joseph est <\/em><span style=\"color: #008000;\"><strong>ma\u00e7on<\/strong><\/span><em>.<\/em><\/p>\n<p><em>Il \u00e9pouse Alice H\u00e9l\u00e8ne Fran\u00e7oise <\/em><strong>H\u00c9RAUD <\/strong><em>le 25 f\u00e9vrier <\/em><strong>1888<\/strong><em> \u00e0 Frans\u00e8ches (contrat Martinaud \u00e0 Saint-Sulpice-les-Champs)\u00a0; Joseph est alors <\/em><span style=\"color: #008000;\"><strong>teinturier<\/strong><\/span><em> comme son p\u00e8re. <\/em><\/p>\n<p><em>La m\u00eame ann\u00e9e <\/em>1888<em>, il travaille \u00e0 <\/em><span style=\"color: #0000ff;\"><strong>Paris (75)<\/strong><\/span><em>, et loge 7, rue des Carmes\u00a0;<\/em><\/p>\n<p><strong>en 1892<\/strong><em>, \u00e0 <\/em><span style=\"color: #0000ff;\"><strong>Boulogne (92)<\/strong><\/span><em>, logeant cours du Parchamp. <\/em><\/p>\n<p><em>Alice d\u00e9c\u00e8de au bourg du Monteil le 24 d\u00e9cembre <\/em><strong>1900<\/strong><em>, \u00e2g\u00e9e de 38 ans.<\/em><\/p>\n<p><em>Joseph se remarie le 25 ao\u00fbt <\/em><strong>1903 <\/strong><em>\u00e0 Paris 15e avec Fran\u00e7oise Marie <\/em><strong>BUEL<\/strong><em>, puis le 25 juillet <\/em>1914<em> au <\/em><span style=\"color: #0000ff;\"><strong>Pr\u00e9-Saint-Gervais (93)<\/strong><\/span><em> avec Rose Adelphine <\/em><strong>ALANIESSE<\/strong><em>.<\/em><\/p>\n<p><strong>En 1915<\/strong><em><strong>,<\/strong> ils habitent au Pr\u00e9, 1, rue Fran\u00e7ois Henri.<\/em><\/p>\n<p><strong>De 1917 \u00e0 1924<\/strong> <em>au moins, il est <\/em><span style=\"color: #008000;\"><strong>entrepreneur de ma\u00e7onnerie<\/strong><\/span><em> au Pr\u00e9-Saint-Gervais, 3, rue de la S\u00e9paration.<\/em><\/p>\n<p><strong>En 1927<\/strong><em>, les \u00e9poux habitent <\/em><span style=\"color: #0000ff;\"><strong>La Garenne-Colombes (92)<\/strong><\/span><em>, 54, rue du Centre\u00a0;<\/em><\/p>\n<p><strong>en 1928<\/strong><em>, <\/em><span style=\"color: #0000ff;\"><strong>Courbevoie (92)<\/strong><\/span><em>, 21, rue du Chemin Vert.<\/em><\/p>\n<p><em>Les \u00e9poux d\u00e9c\u00e8dent au bourg du Monteil:<\/em><\/p>\n<ul>\n<li><em>Rose, le 24 novembre <\/em><strong>1935,<\/strong><em> \u00e2g\u00e9e de 70 ans<\/em><\/li>\n<li><em>Joseph, 10 janvier <\/em><strong>1939<\/strong><em>, \u00e2g\u00e9 de 77 ans.<\/em><em>(beau-fr\u00e8re de Camille B\u00c9NASSY, d\u00e9put\u00e9)<\/em><\/li>\n<\/ul>\n<p>&nbsp;<\/p>\n","protected":false},"excerpt":{"rendered":"<p>Mis \u00e0 jour le : 30\/04\/2026Joseph SAUVANAUD 1861 \u2013 1939 teinturier ; \u25ba ma\u00eetre compagnon\u00a0; entrepreneur de ma\u00e7onnerie &nbsp; n\u00e9 au bourg du Monteil-au-Vicomte le 18 novembre 1861 fils de L\u00e9onard SAUVANAUD, teinturier \/ Louise CHANSARDON \u25d9 En 1881, Joseph est ma\u00e7on. Il \u00e9pouse Alice H\u00e9l\u00e8ne Fran\u00e7oise H\u00c9RAUD le 25 f\u00e9vrier 1888 \u00e0 Frans\u00e8ches (contrat ..<\/p>\n<div class=\"clear-fix\"><\/div>\n<p><a href=\"https:\/\/www.lesmaconsdelacreuse.fr\/annuaires\/lettre-s\/s_194\/\" title=\"Lire la suite...\">Lire la suite<\/a><\/p>\n","protected":false},"author":2,"featured_media":0,"comment_status":"closed","ping_status":"closed","sticky":false,"template":"","format":"standard","meta":{"_acf_changed":false,"_exactmetrics_skip_tracking":false,"_exactmetrics_sitenote_active":false,"_exactmetrics_sitenote_note":"","_exactmetrics_sitenote_category":0,"footnotes":""},"categories":[12],"tags":[],"class_list":["post-4606","post","type-post","status-publish","format-standard","hentry","category-lettre-s"],"acf":[],"_links":{"self":[{"href":"https:\/\/www.lesmaconsdelacreuse.fr\/annuaires\/wp-json\/wp\/v2\/posts\/4606","targetHints":{"allow":["GET"]}}],"collection":[{"href":"https:\/\/www.lesmaconsdelacreuse.fr\/annuaires\/wp-json\/wp\/v2\/posts"}],"about":[{"href":"https:\/\/www.lesmaconsdelacreuse.fr\/annuaires\/wp-json\/wp\/v2\/types\/post"}],"author":[{"embeddable":true,"href":"https:\/\/www.lesmaconsdelacreuse.fr\/annuaires\/wp-json\/wp\/v2\/users\/2"}],"replies":[{"embeddable":true,"href":"https:\/\/www.lesmaconsdelacreuse.fr\/annuaires\/wp-json\/wp\/v2\/comments?post=4606"}],"version-history":[{"count":3,"href":"https:\/\/www.lesmaconsdelacreuse.fr\/annuaires\/wp-json\/wp\/v2\/posts\/4606\/revisions"}],"predecessor-version":[{"id":199547,"href":"https:\/\/www.lesmaconsdelacreuse.fr\/annuaires\/wp-json\/wp\/v2\/posts\/4606\/revisions\/199547"}],"wp:attachment":[{"href":"https:\/\/www.lesmaconsdelacreuse.fr\/annuaires\/wp-json\/wp\/v2\/media?parent=4606"}],"wp:term":[{"taxonomy":"category","embeddable":true,"href":"https:\/\/www.lesmaconsdelacreuse.fr\/annuaires\/wp-json\/wp\/v2\/categories?post=4606"},{"taxonomy":"post_tag","embeddable":true,"href":"https:\/\/www.lesmaconsdelacreuse.fr\/annuaires\/wp-json\/wp\/v2\/tags?post=4606"}],"curies":[{"name":"wp","href":"https:\/\/api.w.org\/{rel}","templated":true}]}}