{"id":4608,"date":"2019-07-28T12:11:18","date_gmt":"2019-07-28T10:11:18","guid":{"rendered":"http:\/\/lesmaconsdelacreuse.fr\/annuaire\/?p=4608"},"modified":"2020-01-20T11:30:04","modified_gmt":"2020-01-20T10:30:04","slug":"s_232","status":"publish","type":"post","link":"https:\/\/www.lesmaconsdelacreuse.fr\/annuaires\/lettre-s\/s_232\/","title":{"rendered":"SENY Fran\u00e7ois (1809-1843)"},"content":{"rendered":"<p class=\"last-updated\"><strong>Mis \u00e0 jour le :<\/strong> 30\/04\/2026<\/p><h2 style=\"text-align: center;\"><strong>Fran\u00e7ois SENY<\/strong><\/h2>\n<p style=\"text-align: center;\"><strong>1809 \u2013 1843<\/strong><\/p>\n<p style=\"text-align: center;\"><img decoding=\"async\" title=\"\" src=\"https:\/\/lesmaconsdelacreuse.fr\/annuaire\/wp-content\/uploads\/2019\/07\/image1-1001.jpg\" alt=\"\" data-asset-id=\"4607\" data-source-id=\"i.0\" \/><\/p>\n<h4 style=\"text-align: center;\"><span style=\"color: #008000;\"><strong>ma\u00e7on <\/strong>et <strong>propri\u00e9taire cultivateur<\/strong><\/span><\/h4>\n<p style=\"text-align: center;\">n\u00e9 \u00e0 Buze (Saint-Pardoux-Lavaud)<\/p>\n<p style=\"text-align: center;\">le 9 d\u00e9cembre 1809<\/p>\n<p style=\"text-align: center;\">fils de<\/p>\n<p style=\"text-align: center;\">\u00c9tienne SENY \/ L\u00e9onarde JEANSANETAS<\/p>\n<p style=\"text-align: center;\">propri\u00e9taires cultivateurs<\/p>\n<p style=\"text-align: center;\"><span style=\"color: #ffffff;\">\u25d9<\/span><\/p>\n<p><em>Fran\u00e7ois \u00e9pouse Catherine <\/em><strong>SIMONET<\/strong><em> le 21 f\u00e9vrier <\/em><strong>1831<\/strong><em> \u00e0 Saint-Pardoux-Lavaud (contrat Jarrijon \u00e0 Saint-Martin-Ch\u00e2teau).<\/em><\/p>\n<p><strong>De 1835 \u00e0 1837<\/strong> <em>au moins, ils sont \u00e0 <\/em><span style=\"color: #0000ff;\"><strong>Lyon (69)<\/strong><\/span><em>. <\/em><\/p>\n<p><em>Catherine d\u00e9c\u00e8de \u00e0 Saint-Pardoux le 17 octobre <\/em><strong>1839<\/strong><em>, \u00e2g\u00e9e de 39 ans. <\/em><\/p>\n<p><em>Fran\u00e7ois se remarie le 2 mars <\/em><strong>1840<\/strong><em> \u00e0 Roy\u00e8re avec L\u00e9onarde <\/em><strong>ANDRIEUX<\/strong><em> (contrat Jarrijon \u00e0 Saint-Martin-Ch\u00e2teau). <\/em><\/p>\n<p><em>Ils d\u00e9c\u00e8dent\u00a0:<\/em><\/p>\n<ul>\n<li><em>Fran\u00e7ois, \u00e0 Saint-Pardoux, le 25 mars <\/em><strong>1843<\/strong><em>, \u00e2g\u00e9 de 33 ans<\/em><\/li>\n<li><em>L\u00e9onarde, \u00e0 Arpeix, commune de Roy\u00e8re, le 11 juin <\/em><strong>1880<\/strong>,<em> \u00e2g\u00e9e de 69 ans<\/em><\/li>\n<\/ul>\n","protected":false},"excerpt":{"rendered":"<p>Mis \u00e0 jour le : 30\/04\/2026Fran\u00e7ois SENY 1809 \u2013 1843 ma\u00e7on et propri\u00e9taire cultivateur n\u00e9 \u00e0 Buze (Saint-Pardoux-Lavaud) le 9 d\u00e9cembre 1809 fils de \u00c9tienne SENY \/ L\u00e9onarde JEANSANETAS propri\u00e9taires cultivateurs \u25d9 Fran\u00e7ois \u00e9pouse Catherine SIMONET le 21 f\u00e9vrier 1831 \u00e0 Saint-Pardoux-Lavaud (contrat Jarrijon \u00e0 Saint-Martin-Ch\u00e2teau). De 1835 \u00e0 1837 au moins, ils sont \u00e0 ..<\/p>\n<div class=\"clear-fix\"><\/div>\n<p><a href=\"https:\/\/www.lesmaconsdelacreuse.fr\/annuaires\/lettre-s\/s_232\/\" title=\"Lire la suite...\">Lire la suite<\/a><\/p>\n","protected":false},"author":2,"featured_media":0,"comment_status":"closed","ping_status":"closed","sticky":false,"template":"","format":"standard","meta":{"_acf_changed":false,"_exactmetrics_skip_tracking":false,"_exactmetrics_sitenote_active":false,"_exactmetrics_sitenote_note":"","_exactmetrics_sitenote_category":0,"footnotes":""},"categories":[12],"tags":[],"class_list":["post-4608","post","type-post","status-publish","format-standard","hentry","category-lettre-s"],"acf":[],"_links":{"self":[{"href":"https:\/\/www.lesmaconsdelacreuse.fr\/annuaires\/wp-json\/wp\/v2\/posts\/4608","targetHints":{"allow":["GET"]}}],"collection":[{"href":"https:\/\/www.lesmaconsdelacreuse.fr\/annuaires\/wp-json\/wp\/v2\/posts"}],"about":[{"href":"https:\/\/www.lesmaconsdelacreuse.fr\/annuaires\/wp-json\/wp\/v2\/types\/post"}],"author":[{"embeddable":true,"href":"https:\/\/www.lesmaconsdelacreuse.fr\/annuaires\/wp-json\/wp\/v2\/users\/2"}],"replies":[{"embeddable":true,"href":"https:\/\/www.lesmaconsdelacreuse.fr\/annuaires\/wp-json\/wp\/v2\/comments?post=4608"}],"version-history":[{"count":0,"href":"https:\/\/www.lesmaconsdelacreuse.fr\/annuaires\/wp-json\/wp\/v2\/posts\/4608\/revisions"}],"wp:attachment":[{"href":"https:\/\/www.lesmaconsdelacreuse.fr\/annuaires\/wp-json\/wp\/v2\/media?parent=4608"}],"wp:term":[{"taxonomy":"category","embeddable":true,"href":"https:\/\/www.lesmaconsdelacreuse.fr\/annuaires\/wp-json\/wp\/v2\/categories?post=4608"},{"taxonomy":"post_tag","embeddable":true,"href":"https:\/\/www.lesmaconsdelacreuse.fr\/annuaires\/wp-json\/wp\/v2\/tags?post=4608"}],"curies":[{"name":"wp","href":"https:\/\/api.w.org\/{rel}","templated":true}]}}