{"id":4610,"date":"2019-07-28T12:11:17","date_gmt":"2019-07-28T10:11:17","guid":{"rendered":"http:\/\/lesmaconsdelacreuse.fr\/annuaire\/?p=4610"},"modified":"2020-01-20T11:30:04","modified_gmt":"2020-01-20T10:30:04","slug":"s_205","status":"publish","type":"post","link":"https:\/\/www.lesmaconsdelacreuse.fr\/annuaires\/lettre-s\/s_205\/","title":{"rendered":"SAUVANAUD Louis Auguste Gervais (1876-entre 1922 et 1965)"},"content":{"rendered":"<p class=\"last-updated\"><strong>Mis \u00e0 jour le :<\/strong> 30\/04\/2026<\/p><h2 style=\"text-align: center;\"><strong>Louis Auguste Gervais SAUVANAUD<\/strong><\/h2>\n<p style=\"text-align: center;\"><strong>Louis SAUVANAUD<\/strong><\/p>\n<p style=\"text-align: center;\"><strong>1876 \u2013 entre 1922 et 1965<\/strong><\/p>\n<p style=\"text-align: center;\"><img decoding=\"async\" title=\"\" src=\"https:\/\/lesmaconsdelacreuse.fr\/annuaire\/wp-content\/uploads\/2019\/07\/image1-1002.jpg\" alt=\"\" data-asset-id=\"4609\" data-source-id=\"i.0\" \/><\/p>\n<h4 style=\"text-align: center;\"><span style=\"color: #008000;\"><strong>ma\u00e7on<\/strong><\/span><\/h4>\n<p style=\"text-align: center;\">n\u00e9 au Gu\u00e9-Chaumeix (Le Monteil-au-Vicomte)<\/p>\n<p style=\"text-align: center;\">le 19 juin 1876<\/p>\n<p style=\"text-align: center;\">fils de<\/p>\n<p style=\"text-align: center;\">Jean-Baptiste SAUVANAUD, <span style=\"color: #008000;\"><strong>ma\u00e7on<\/strong><\/span>, sabotier et meunier<\/p>\n<p style=\"text-align: center;\">Marthe \u00c9milie RADIGON<\/p>\n<p style=\"text-align: center;\">propri\u00e9taires cultivateurs<\/p>\n<p style=\"text-align: center;\"><span style=\"color: #ffffff;\">\u25d9<\/span><\/p>\n<p><strong>En 1899<\/strong><em>, Louis travaille \u00e0 <\/em><strong><span style=\"color: #0000ff;\">Paris (75)<\/span>,<\/strong><em> et loge 26, rue Tournefort.<\/em><\/p>\n<p><em>Il \u00e9pouse Marie Mathilde Cl\u00e9mentine <\/em><strong>LAVERGNE<\/strong><em> le 26 janvier <\/em><strong>1903<\/strong><em> \u00e0 Valli\u00e8re\u00a0 (contrat Dumont \u00e0 Valli\u00e8re). <\/em><\/p>\n<p><strong>En 1903 et 1904<\/strong><em>, de retour \u00e0 Paris, il loge 33, rue Fran\u00e7ois Miron, 4e arrondissement.<\/em><\/p>\n<p><em>Mathilde d\u00e9c\u00e8de veuve \u00e0 Paris 4e, 6, rue des Lions, le 11 juin <\/em><strong>1965<\/strong><em>, \u00e2g\u00e9e de 86 ans.<\/em><\/p>\n","protected":false},"excerpt":{"rendered":"<p>Mis \u00e0 jour le : 30\/04\/2026Louis Auguste Gervais SAUVANAUD Louis SAUVANAUD 1876 \u2013 entre 1922 et 1965 ma\u00e7on n\u00e9 au Gu\u00e9-Chaumeix (Le Monteil-au-Vicomte) le 19 juin 1876 fils de Jean-Baptiste SAUVANAUD, ma\u00e7on, sabotier et meunier Marthe \u00c9milie RADIGON propri\u00e9taires cultivateurs \u25d9 En 1899, Louis travaille \u00e0 Paris (75), et loge 26, rue Tournefort. Il \u00e9pouse ..<\/p>\n<div class=\"clear-fix\"><\/div>\n<p><a href=\"https:\/\/www.lesmaconsdelacreuse.fr\/annuaires\/lettre-s\/s_205\/\" title=\"Lire la suite...\">Lire la suite<\/a><\/p>\n","protected":false},"author":2,"featured_media":0,"comment_status":"closed","ping_status":"closed","sticky":false,"template":"","format":"standard","meta":{"_acf_changed":false,"_exactmetrics_skip_tracking":false,"_exactmetrics_sitenote_active":false,"_exactmetrics_sitenote_note":"","_exactmetrics_sitenote_category":0,"footnotes":""},"categories":[12],"tags":[],"class_list":["post-4610","post","type-post","status-publish","format-standard","hentry","category-lettre-s"],"acf":[],"_links":{"self":[{"href":"https:\/\/www.lesmaconsdelacreuse.fr\/annuaires\/wp-json\/wp\/v2\/posts\/4610","targetHints":{"allow":["GET"]}}],"collection":[{"href":"https:\/\/www.lesmaconsdelacreuse.fr\/annuaires\/wp-json\/wp\/v2\/posts"}],"about":[{"href":"https:\/\/www.lesmaconsdelacreuse.fr\/annuaires\/wp-json\/wp\/v2\/types\/post"}],"author":[{"embeddable":true,"href":"https:\/\/www.lesmaconsdelacreuse.fr\/annuaires\/wp-json\/wp\/v2\/users\/2"}],"replies":[{"embeddable":true,"href":"https:\/\/www.lesmaconsdelacreuse.fr\/annuaires\/wp-json\/wp\/v2\/comments?post=4610"}],"version-history":[{"count":0,"href":"https:\/\/www.lesmaconsdelacreuse.fr\/annuaires\/wp-json\/wp\/v2\/posts\/4610\/revisions"}],"wp:attachment":[{"href":"https:\/\/www.lesmaconsdelacreuse.fr\/annuaires\/wp-json\/wp\/v2\/media?parent=4610"}],"wp:term":[{"taxonomy":"category","embeddable":true,"href":"https:\/\/www.lesmaconsdelacreuse.fr\/annuaires\/wp-json\/wp\/v2\/categories?post=4610"},{"taxonomy":"post_tag","embeddable":true,"href":"https:\/\/www.lesmaconsdelacreuse.fr\/annuaires\/wp-json\/wp\/v2\/tags?post=4610"}],"curies":[{"name":"wp","href":"https:\/\/api.w.org\/{rel}","templated":true}]}}