{"id":4612,"date":"2019-07-28T12:11:17","date_gmt":"2019-07-28T10:11:17","guid":{"rendered":"http:\/\/lesmaconsdelacreuse.fr\/annuaire\/?p=4612"},"modified":"2022-06-08T10:40:21","modified_gmt":"2022-06-08T08:40:21","slug":"s_193","status":"publish","type":"post","link":"https:\/\/www.lesmaconsdelacreuse.fr\/annuaires\/lettre-s\/s_193\/","title":{"rendered":"SAUVANAUD Jean-Baptiste (1850-apr\u00e8s 1876)"},"content":{"rendered":"<p class=\"last-updated\"><strong>Mis \u00e0 jour le :<\/strong> 30\/04\/2026<\/p><h2 style=\"text-align: center;\"><strong>Jean-Baptiste SAUVANAUD<\/strong><\/h2>\n<p style=\"text-align: center;\"><strong>1850 \u2013 apr\u00e8s 1876<\/strong><\/p>\n<p><a href=\"https:\/\/www.lesmaconsdelacreuse.fr\/annuaires\/wp-content\/uploads\/2019\/07\/SAUVANAUD-Jean-Baptiste-1850.jpg\"><img loading=\"lazy\" decoding=\"async\" class=\"size-medium wp-image-200219 aligncenter\" src=\"https:\/\/www.lesmaconsdelacreuse.fr\/annuaires\/wp-content\/uploads\/2019\/07\/SAUVANAUD-Jean-Baptiste-1850-300x48.jpg\" alt=\"\" width=\"300\" height=\"48\" srcset=\"https:\/\/www.lesmaconsdelacreuse.fr\/annuaires\/wp-content\/uploads\/2019\/07\/SAUVANAUD-Jean-Baptiste-1850-300x48.jpg 300w, https:\/\/www.lesmaconsdelacreuse.fr\/annuaires\/wp-content\/uploads\/2019\/07\/SAUVANAUD-Jean-Baptiste-1850-16x3.jpg 16w, https:\/\/www.lesmaconsdelacreuse.fr\/annuaires\/wp-content\/uploads\/2019\/07\/SAUVANAUD-Jean-Baptiste-1850-150x24.jpg 150w, https:\/\/www.lesmaconsdelacreuse.fr\/annuaires\/wp-content\/uploads\/2019\/07\/SAUVANAUD-Jean-Baptiste-1850.jpg 533w\" sizes=\"auto, (max-width: 300px) 100vw, 300px\" \/><\/a><\/p>\n<h4 style=\"text-align: center;\"><span style=\"color: #008000;\"><strong>ma\u00e7on, puis marchand de vin<\/strong><\/span><\/h4>\n<p style=\"text-align: center;\">n\u00e9 \u00e0 Pramy (Saint-Pierre-le-Bost)<\/p>\n<p style=\"text-align: center;\">le 31 mai 1850<\/p>\n<p style=\"text-align: center;\">fils de<\/p>\n<p style=\"text-align: center;\">Gabriel SAUVANAUD,<span style=\"color: #008000;\"><strong> ma\u00e7on \/ <\/strong><\/span>Catherine RAYNAUD<\/p>\n<p style=\"text-align: center;\">propri\u00e9taires cultivateurs<\/p>\n<p>&nbsp;<\/p>\n<p><strong>En 1875<\/strong><em>, Jean-Baptiste, <\/em><span style=\"color: #008000;\"><strong>ma\u00e7on<\/strong><\/span><em>, habite <\/em><span style=\"color: #0000ff;\"><strong>Paris (75)<\/strong><\/span><em>, 5, rue du Sabot, 6<sup>e<\/sup> arrondissement.<\/em><\/p>\n<p><em>\u00a0<\/em><em>Le 27 avril de la m\u00eame ann\u00e9e, il \u00e9pouse Maria Hermance Valentine <\/em><strong>TROUET<\/strong><em>, couturi\u00e8re, fille de ma\u00eetre-ma\u00e7on.<\/em><\/p>\n<p><strong>\u00a0En 1876<\/strong><em>, ils habitent Aubervilliers, et Jean-Baptiste est <\/em><span style=\"color: #008000;\"><strong>marchand de vin<\/strong><\/span><\/p>\n<p>&nbsp;<\/p>\n<p>&nbsp;<\/p>\n","protected":false},"excerpt":{"rendered":"<p>Mis \u00e0 jour le : 30\/04\/2026Jean-Baptiste SAUVANAUD 1850 \u2013 apr\u00e8s 1876 ma\u00e7on, puis marchand de vin n\u00e9 \u00e0 Pramy (Saint-Pierre-le-Bost) le 31 mai 1850 fils de Gabriel SAUVANAUD, ma\u00e7on \/ Catherine RAYNAUD propri\u00e9taires cultivateurs &nbsp; En 1875, Jean-Baptiste, ma\u00e7on, habite Paris (75), 5, rue du Sabot, 6e arrondissement. \u00a0Le 27 avril de la m\u00eame ann\u00e9e, ..<\/p>\n<div class=\"clear-fix\"><\/div>\n<p><a href=\"https:\/\/www.lesmaconsdelacreuse.fr\/annuaires\/lettre-s\/s_193\/\" title=\"Lire la suite...\">Lire la suite<\/a><\/p>\n","protected":false},"author":2,"featured_media":0,"comment_status":"closed","ping_status":"closed","sticky":false,"template":"","format":"standard","meta":{"_acf_changed":false,"_exactmetrics_skip_tracking":false,"_exactmetrics_sitenote_active":false,"_exactmetrics_sitenote_note":"","_exactmetrics_sitenote_category":0,"footnotes":""},"categories":[12],"tags":[],"class_list":["post-4612","post","type-post","status-publish","format-standard","hentry","category-lettre-s"],"acf":[],"_links":{"self":[{"href":"https:\/\/www.lesmaconsdelacreuse.fr\/annuaires\/wp-json\/wp\/v2\/posts\/4612","targetHints":{"allow":["GET"]}}],"collection":[{"href":"https:\/\/www.lesmaconsdelacreuse.fr\/annuaires\/wp-json\/wp\/v2\/posts"}],"about":[{"href":"https:\/\/www.lesmaconsdelacreuse.fr\/annuaires\/wp-json\/wp\/v2\/types\/post"}],"author":[{"embeddable":true,"href":"https:\/\/www.lesmaconsdelacreuse.fr\/annuaires\/wp-json\/wp\/v2\/users\/2"}],"replies":[{"embeddable":true,"href":"https:\/\/www.lesmaconsdelacreuse.fr\/annuaires\/wp-json\/wp\/v2\/comments?post=4612"}],"version-history":[{"count":3,"href":"https:\/\/www.lesmaconsdelacreuse.fr\/annuaires\/wp-json\/wp\/v2\/posts\/4612\/revisions"}],"predecessor-version":[{"id":200220,"href":"https:\/\/www.lesmaconsdelacreuse.fr\/annuaires\/wp-json\/wp\/v2\/posts\/4612\/revisions\/200220"}],"wp:attachment":[{"href":"https:\/\/www.lesmaconsdelacreuse.fr\/annuaires\/wp-json\/wp\/v2\/media?parent=4612"}],"wp:term":[{"taxonomy":"category","embeddable":true,"href":"https:\/\/www.lesmaconsdelacreuse.fr\/annuaires\/wp-json\/wp\/v2\/categories?post=4612"},{"taxonomy":"post_tag","embeddable":true,"href":"https:\/\/www.lesmaconsdelacreuse.fr\/annuaires\/wp-json\/wp\/v2\/tags?post=4612"}],"curies":[{"name":"wp","href":"https:\/\/api.w.org\/{rel}","templated":true}]}}