{"id":4628,"date":"2019-07-28T12:11:15","date_gmt":"2019-07-28T10:11:15","guid":{"rendered":"http:\/\/lesmaconsdelacreuse.fr\/annuaire\/?p=4628"},"modified":"2020-01-20T11:30:05","modified_gmt":"2020-01-20T10:30:05","slug":"s_175","status":"publish","type":"post","link":"https:\/\/www.lesmaconsdelacreuse.fr\/annuaires\/lettre-s\/s_175\/","title":{"rendered":"SAUVANAUD Gabriel (1816-1894)"},"content":{"rendered":"<p class=\"last-updated\"><strong>Mis \u00e0 jour le :<\/strong> 30\/04\/2026<\/p><h2 style=\"text-align: center;\"><strong>Gabriel SAUVANAUD<\/strong><\/h2>\n<p style=\"text-align: center;\"><strong>1816 \u2013 1894<\/strong><\/p>\n<p style=\"text-align: center;\"><img decoding=\"async\" title=\"\" src=\"https:\/\/lesmaconsdelacreuse.fr\/annuaire\/wp-content\/uploads\/2019\/07\/image1-1009.jpg\" alt=\"\" data-asset-id=\"4627\" data-source-id=\"i.0\" \/><\/p>\n<h4 style=\"text-align: center;\"><span style=\"color: #008000;\"><strong>ma\u00e7on <\/strong>et <strong>propri\u00e9taire cultivateur<\/strong><\/span><\/h4>\n<p style=\"text-align: center;\">n\u00e9 \u00e0 Larfouill\u00e8re (Le Monteil-au-Vicomte)<\/p>\n<p style=\"text-align: center;\">le 8 septembre 1816<\/p>\n<p style=\"text-align: center;\">fils de<\/p>\n<p style=\"text-align: center;\">L\u00e9onard SAUVANAUD, <span style=\"color: #008000;\"><strong>ma\u00e7on<\/strong><\/span><\/p>\n<p style=\"text-align: center;\">Marie LAGRANGE, cultivatrice<\/p>\n<p style=\"text-align: center;\"><span style=\"color: #ffffff;\">\u25d9<\/span><\/p>\n<p><strong>En 1837<\/strong><em>, Gabriel est exempt\u00e9 de service militaire.<\/em><\/p>\n<p><em>Il \u00e9pouse Catherine <\/em><strong>RAYNAUD<\/strong><em> le 24 f\u00e9vrier <\/em><strong>1845<\/strong><em> \u00e0 Saint-Pierre-le-Bost\u00a0 (contrat Lepetit au Monteil). Le couple habite d\u2019abord Pramy. <\/em><\/p>\n<p><strong>En 1846 et 1850<\/strong><em>, Gabriel travaille \u00e0 <\/em><span style=\"color: #0000ff;\"><strong>Paris (75)<\/strong><\/span><em>.<\/em><\/p>\n<p><strong>En 1851<\/strong><em>, les \u00e9poux y sont ensemble, habitant 2, rue Mercier. <\/em><\/p>\n<p><strong>En 1894<\/strong><em>, ils sont \u00e0 <\/em><span style=\"color: #0000ff;\"><strong>Malakoff (92)<\/strong><\/span><em>, 73, rue du March\u00e9.<\/em><\/p>\n<p><em>Gabriel d\u00e9c\u00e8de \u00e0 cette adresse<\/em>,<em> le 17 mai de la m\u00eame ann\u00e9e, \u00e2g\u00e9 de 77 ans. <\/em><\/p>\n","protected":false},"excerpt":{"rendered":"<p>Mis \u00e0 jour le : 30\/04\/2026Gabriel SAUVANAUD 1816 \u2013 1894 ma\u00e7on et propri\u00e9taire cultivateur n\u00e9 \u00e0 Larfouill\u00e8re (Le Monteil-au-Vicomte) le 8 septembre 1816 fils de L\u00e9onard SAUVANAUD, ma\u00e7on Marie LAGRANGE, cultivatrice \u25d9 En 1837, Gabriel est exempt\u00e9 de service militaire. Il \u00e9pouse Catherine RAYNAUD le 24 f\u00e9vrier 1845 \u00e0 Saint-Pierre-le-Bost\u00a0 (contrat Lepetit au Monteil). Le ..<\/p>\n<div class=\"clear-fix\"><\/div>\n<p><a href=\"https:\/\/www.lesmaconsdelacreuse.fr\/annuaires\/lettre-s\/s_175\/\" title=\"Lire la suite...\">Lire la suite<\/a><\/p>\n","protected":false},"author":2,"featured_media":0,"comment_status":"closed","ping_status":"closed","sticky":false,"template":"","format":"standard","meta":{"_acf_changed":false,"_exactmetrics_skip_tracking":false,"_exactmetrics_sitenote_active":false,"_exactmetrics_sitenote_note":"","_exactmetrics_sitenote_category":0,"footnotes":""},"categories":[12],"tags":[],"class_list":["post-4628","post","type-post","status-publish","format-standard","hentry","category-lettre-s"],"acf":[],"_links":{"self":[{"href":"https:\/\/www.lesmaconsdelacreuse.fr\/annuaires\/wp-json\/wp\/v2\/posts\/4628","targetHints":{"allow":["GET"]}}],"collection":[{"href":"https:\/\/www.lesmaconsdelacreuse.fr\/annuaires\/wp-json\/wp\/v2\/posts"}],"about":[{"href":"https:\/\/www.lesmaconsdelacreuse.fr\/annuaires\/wp-json\/wp\/v2\/types\/post"}],"author":[{"embeddable":true,"href":"https:\/\/www.lesmaconsdelacreuse.fr\/annuaires\/wp-json\/wp\/v2\/users\/2"}],"replies":[{"embeddable":true,"href":"https:\/\/www.lesmaconsdelacreuse.fr\/annuaires\/wp-json\/wp\/v2\/comments?post=4628"}],"version-history":[{"count":0,"href":"https:\/\/www.lesmaconsdelacreuse.fr\/annuaires\/wp-json\/wp\/v2\/posts\/4628\/revisions"}],"wp:attachment":[{"href":"https:\/\/www.lesmaconsdelacreuse.fr\/annuaires\/wp-json\/wp\/v2\/media?parent=4628"}],"wp:term":[{"taxonomy":"category","embeddable":true,"href":"https:\/\/www.lesmaconsdelacreuse.fr\/annuaires\/wp-json\/wp\/v2\/categories?post=4628"},{"taxonomy":"post_tag","embeddable":true,"href":"https:\/\/www.lesmaconsdelacreuse.fr\/annuaires\/wp-json\/wp\/v2\/tags?post=4628"}],"curies":[{"name":"wp","href":"https:\/\/api.w.org\/{rel}","templated":true}]}}