{"id":4631,"date":"2019-07-28T12:11:14","date_gmt":"2019-07-28T10:11:14","guid":{"rendered":"http:\/\/lesmaconsdelacreuse.fr\/annuaire\/?p=4631"},"modified":"2020-01-20T11:30:05","modified_gmt":"2020-01-20T10:30:05","slug":"s_164","status":"publish","type":"post","link":"https:\/\/www.lesmaconsdelacreuse.fr\/annuaires\/lettre-s\/s_164\/","title":{"rendered":"SAUVANAUD \u00c9mile Eug\u00e8ne (1889-1915)"},"content":{"rendered":"<p class=\"last-updated\"><strong>Mis \u00e0 jour le :<\/strong> 30\/04\/2026<\/p><h2 style=\"text-align: center;\"><strong>\u00c9mile Eug\u00e8ne SAUVANAUD<\/strong><\/h2>\n<p style=\"text-align: center;\"><strong>\u00c9mile SAUVANAUD<\/strong><\/p>\n<p style=\"text-align: center;\"><strong>1889 \u2013 1915<\/strong><\/p>\n<h4 style=\"text-align: center;\"><span style=\"color: #008000;\"><strong>ma\u00e7on<\/strong><\/span><\/h4>\n<p style=\"text-align: center;\">n\u00e9 \u00e0 Paris 5e<\/p>\n<p style=\"text-align: center;\">le 24 octobre 1889<\/p>\n<p style=\"text-align: center;\">fils de<\/p>\n<p style=\"text-align: center;\">Jacques SAUVANAUD, <span style=\"color: #008000;\"><strong>ma\u00e7on<\/strong><\/span><\/p>\n<p style=\"text-align: center;\">Marguerite LEFORT, cultivatrice<\/p>\n<p style=\"text-align: center;\"><span style=\"color: #ffffff;\">\u25d9<\/span><\/p>\n<p><strong>En 1910<\/strong><em>, \u00c9mile habite Saint-Pierre-le-Bost avec ses parents. Lors du conseil de r\u00e9vision, il est ajourn\u00e9 pour faiblesse, puis jug\u00e9 apte au service <\/em>en 1911<em>.<\/em><\/p>\n<p><strong>En 1913<\/strong><em>, il est \u00e0 <\/em><span style=\"color: #0000ff;\"><strong>Paris (75)<\/strong><\/span><em>, 45, rue de Tocqueville, 17e arrondissement. <\/em><\/p>\n<p><em>Soldat au 100e R\u00e9giment d\u2019Infanterie, <\/em><strong>c\u00e9libataire<\/strong><em>, il d\u00e9c\u00e8de de ses blessures de guerre le 27 juillet <\/em><strong>1915<\/strong><em> \u00e0 l\u2019h\u00f4pital Chanzy de Sainte-Menehould (51), \u00e2g\u00e9 de 25 ans.<\/em><\/p>\n","protected":false},"excerpt":{"rendered":"<p>Mis \u00e0 jour le : 30\/04\/2026\u00c9mile Eug\u00e8ne SAUVANAUD \u00c9mile SAUVANAUD 1889 \u2013 1915 ma\u00e7on n\u00e9 \u00e0 Paris 5e le 24 octobre 1889 fils de Jacques SAUVANAUD, ma\u00e7on Marguerite LEFORT, cultivatrice \u25d9 En 1910, \u00c9mile habite Saint-Pierre-le-Bost avec ses parents. Lors du conseil de r\u00e9vision, il est ajourn\u00e9 pour faiblesse, puis jug\u00e9 apte au service en ..<\/p>\n<div class=\"clear-fix\"><\/div>\n<p><a href=\"https:\/\/www.lesmaconsdelacreuse.fr\/annuaires\/lettre-s\/s_164\/\" title=\"Lire la suite...\">Lire la suite<\/a><\/p>\n","protected":false},"author":2,"featured_media":0,"comment_status":"closed","ping_status":"closed","sticky":false,"template":"","format":"standard","meta":{"_acf_changed":false,"_exactmetrics_skip_tracking":false,"_exactmetrics_sitenote_active":false,"_exactmetrics_sitenote_note":"","_exactmetrics_sitenote_category":0,"footnotes":""},"categories":[12],"tags":[],"class_list":["post-4631","post","type-post","status-publish","format-standard","hentry","category-lettre-s"],"acf":[],"_links":{"self":[{"href":"https:\/\/www.lesmaconsdelacreuse.fr\/annuaires\/wp-json\/wp\/v2\/posts\/4631","targetHints":{"allow":["GET"]}}],"collection":[{"href":"https:\/\/www.lesmaconsdelacreuse.fr\/annuaires\/wp-json\/wp\/v2\/posts"}],"about":[{"href":"https:\/\/www.lesmaconsdelacreuse.fr\/annuaires\/wp-json\/wp\/v2\/types\/post"}],"author":[{"embeddable":true,"href":"https:\/\/www.lesmaconsdelacreuse.fr\/annuaires\/wp-json\/wp\/v2\/users\/2"}],"replies":[{"embeddable":true,"href":"https:\/\/www.lesmaconsdelacreuse.fr\/annuaires\/wp-json\/wp\/v2\/comments?post=4631"}],"version-history":[{"count":0,"href":"https:\/\/www.lesmaconsdelacreuse.fr\/annuaires\/wp-json\/wp\/v2\/posts\/4631\/revisions"}],"wp:attachment":[{"href":"https:\/\/www.lesmaconsdelacreuse.fr\/annuaires\/wp-json\/wp\/v2\/media?parent=4631"}],"wp:term":[{"taxonomy":"category","embeddable":true,"href":"https:\/\/www.lesmaconsdelacreuse.fr\/annuaires\/wp-json\/wp\/v2\/categories?post=4631"},{"taxonomy":"post_tag","embeddable":true,"href":"https:\/\/www.lesmaconsdelacreuse.fr\/annuaires\/wp-json\/wp\/v2\/tags?post=4631"}],"curies":[{"name":"wp","href":"https:\/\/api.w.org\/{rel}","templated":true}]}}