{"id":4641,"date":"2019-07-28T12:11:13","date_gmt":"2019-07-28T10:11:13","guid":{"rendered":"http:\/\/lesmaconsdelacreuse.fr\/annuaire\/?p=4641"},"modified":"2022-06-08T10:39:08","modified_gmt":"2022-06-08T08:39:08","slug":"s_167","status":"publish","type":"post","link":"https:\/\/www.lesmaconsdelacreuse.fr\/annuaires\/lettre-s\/s_167\/","title":{"rendered":"SAUVANAUD Fernand \u00c9mile Alfred (1902-1995)"},"content":{"rendered":"<p class=\"last-updated\"><strong>Mis \u00e0 jour le :<\/strong> 30\/04\/2026<\/p><h2 style=\"text-align: center;\"><strong>Fernand \u00c9mile Alfred SAUVANAUD<\/strong><\/h2>\n<p style=\"text-align: center;\"><strong>1902 \u2013 1995<\/strong><\/p>\n<p><a href=\"https:\/\/www.lesmaconsdelacreuse.fr\/annuaires\/wp-content\/uploads\/2019\/07\/SAUVANAUD-Fernand-Emile-Alfred-1902.jpg\"><img loading=\"lazy\" decoding=\"async\" class=\"size-full wp-image-200217 aligncenter\" src=\"https:\/\/www.lesmaconsdelacreuse.fr\/annuaires\/wp-content\/uploads\/2019\/07\/SAUVANAUD-Fernand-Emile-Alfred-1902.jpg\" alt=\"\" width=\"172\" height=\"46\" srcset=\"https:\/\/www.lesmaconsdelacreuse.fr\/annuaires\/wp-content\/uploads\/2019\/07\/SAUVANAUD-Fernand-Emile-Alfred-1902.jpg 172w, https:\/\/www.lesmaconsdelacreuse.fr\/annuaires\/wp-content\/uploads\/2019\/07\/SAUVANAUD-Fernand-Emile-Alfred-1902-16x4.jpg 16w, https:\/\/www.lesmaconsdelacreuse.fr\/annuaires\/wp-content\/uploads\/2019\/07\/SAUVANAUD-Fernand-Emile-Alfred-1902-150x40.jpg 150w\" sizes=\"auto, (max-width: 172px) 100vw, 172px\" \/><\/a><\/p>\n<h4 style=\"text-align: center;\"><span style=\"color: #008000;\"><strong>ma\u00e7on<\/strong><\/span><\/h4>\n<p style=\"text-align: center;\">n\u00e9 \u00e0 Paris 5e<\/p>\n<p style=\"text-align: center;\">le 22 juillet 1902<\/p>\n<p style=\"text-align: center;\">fils de<\/p>\n<p style=\"text-align: center;\">Antoine SAUVANAUD, <span style=\"color: #008000;\"><strong>ma\u00e7on \/ <\/strong><\/span>Marie Alexandrine VEND\u00c9AUX<\/p>\n<p style=\"text-align: center;\"><span style=\"color: #ffffff;\">\u25d9<\/span><\/p>\n<p><em>Fernand habite Le Monteil-au-Vicomte avec ses parents.<\/em><\/p>\n<p><strong>En 1927<\/strong><em>, il travaille \u00e0 <\/em><span style=\"color: #0000ff;\"><strong>Paris (75)<\/strong><\/span><em>, et loge 26, rue Tournefort.<\/em><\/p>\n<p><em>\u00a0<\/em><em>\u00a0Il \u00e9pouse Marthe <\/em><strong>LENOIR<\/strong><em>, native de Pontarion, dont les parents habitent Morterolles,<\/em> <em>le 12 mars de la m\u00eame ann\u00e9e, au \u00a05<sup>e<\/sup> arrondissement.<\/em><\/p>\n<p><strong><sup>\u00a0<\/sup>En 1930<\/strong><em>, ils habitent toujours le 5<sup>e <\/sup>.<\/em><\/p>\n<p><em>Fernand d\u00e9c\u00e8de \u00e0 Sainte-Feyre le 23 juillet <\/em><strong>1995<\/strong><em><strong>,<\/strong> \u00e2g\u00e9 de 93 ans. <\/em><\/p>\n","protected":false},"excerpt":{"rendered":"<p>Mis \u00e0 jour le : 30\/04\/2026Fernand \u00c9mile Alfred SAUVANAUD 1902 \u2013 1995 ma\u00e7on n\u00e9 \u00e0 Paris 5e le 22 juillet 1902 fils de Antoine SAUVANAUD, ma\u00e7on \/ Marie Alexandrine VEND\u00c9AUX \u25d9 Fernand habite Le Monteil-au-Vicomte avec ses parents. En 1927, il travaille \u00e0 Paris (75), et loge 26, rue Tournefort. \u00a0\u00a0Il \u00e9pouse Marthe LENOIR, native ..<\/p>\n<div class=\"clear-fix\"><\/div>\n<p><a href=\"https:\/\/www.lesmaconsdelacreuse.fr\/annuaires\/lettre-s\/s_167\/\" title=\"Lire la suite...\">Lire la suite<\/a><\/p>\n","protected":false},"author":2,"featured_media":0,"comment_status":"closed","ping_status":"closed","sticky":false,"template":"","format":"standard","meta":{"_acf_changed":false,"_exactmetrics_skip_tracking":false,"_exactmetrics_sitenote_active":false,"_exactmetrics_sitenote_note":"","_exactmetrics_sitenote_category":0,"footnotes":""},"categories":[12],"tags":[],"class_list":["post-4641","post","type-post","status-publish","format-standard","hentry","category-lettre-s"],"acf":[],"_links":{"self":[{"href":"https:\/\/www.lesmaconsdelacreuse.fr\/annuaires\/wp-json\/wp\/v2\/posts\/4641","targetHints":{"allow":["GET"]}}],"collection":[{"href":"https:\/\/www.lesmaconsdelacreuse.fr\/annuaires\/wp-json\/wp\/v2\/posts"}],"about":[{"href":"https:\/\/www.lesmaconsdelacreuse.fr\/annuaires\/wp-json\/wp\/v2\/types\/post"}],"author":[{"embeddable":true,"href":"https:\/\/www.lesmaconsdelacreuse.fr\/annuaires\/wp-json\/wp\/v2\/users\/2"}],"replies":[{"embeddable":true,"href":"https:\/\/www.lesmaconsdelacreuse.fr\/annuaires\/wp-json\/wp\/v2\/comments?post=4641"}],"version-history":[{"count":3,"href":"https:\/\/www.lesmaconsdelacreuse.fr\/annuaires\/wp-json\/wp\/v2\/posts\/4641\/revisions"}],"predecessor-version":[{"id":200218,"href":"https:\/\/www.lesmaconsdelacreuse.fr\/annuaires\/wp-json\/wp\/v2\/posts\/4641\/revisions\/200218"}],"wp:attachment":[{"href":"https:\/\/www.lesmaconsdelacreuse.fr\/annuaires\/wp-json\/wp\/v2\/media?parent=4641"}],"wp:term":[{"taxonomy":"category","embeddable":true,"href":"https:\/\/www.lesmaconsdelacreuse.fr\/annuaires\/wp-json\/wp\/v2\/categories?post=4641"},{"taxonomy":"post_tag","embeddable":true,"href":"https:\/\/www.lesmaconsdelacreuse.fr\/annuaires\/wp-json\/wp\/v2\/tags?post=4641"}],"curies":[{"name":"wp","href":"https:\/\/api.w.org\/{rel}","templated":true}]}}