{"id":4646,"date":"2019-07-28T12:11:13","date_gmt":"2019-07-28T10:11:13","guid":{"rendered":"http:\/\/lesmaconsdelacreuse.fr\/annuaire\/?p=4646"},"modified":"2020-10-03T13:57:49","modified_gmt":"2020-10-03T11:57:49","slug":"s_172","status":"publish","type":"post","link":"https:\/\/www.lesmaconsdelacreuse.fr\/annuaires\/lettre-s\/s_172\/","title":{"rendered":"SAUVANOT Gabriel (vers 1774-1859)"},"content":{"rendered":"<p class=\"last-updated\"><strong>Mis \u00e0 jour le :<\/strong> 30\/04\/2026<\/p><h2 style=\"text-align: center;\"><strong>Gabriel SAUVANOT<\/strong><\/h2>\n<p style=\"text-align: center;\"><strong>vers 1774 \u2013 1859<\/strong><\/p>\n<p style=\"text-align: center;\"><img loading=\"lazy\" decoding=\"async\" class=\"\" title=\"\" src=\"https:\/\/lesmaconsdelacreuse.fr\/annuaire\/wp-content\/uploads\/2019\/07\/image1-1015.jpg\" alt=\"\" width=\"457\" height=\"112\" data-asset-id=\"4645\" data-source-id=\"i.0\" \/><\/p>\n<h4 style=\"text-align: center;\"><span style=\"color: #008000;\"><strong>ma\u00e7on <\/strong>et\u00a0\u25ba<a href=\"https:\/\/www.lesmaconsdelacreuse.fr\/annuaires\/wp-content\/uploads\/2020\/08\/SCIEUR-DE-LONG.png\" target=\"_blank\" rel=\"noopener noreferrer\"><strong><span style=\"color: #008000;\">scieur de long<\/span><\/strong><\/a><\/span><\/h4>\n<p>&nbsp;<\/p>\n<p style=\"text-align: center;\">n\u00e9 \u00e0 Larfouill\u00e8re (Ch\u00e2tain)\u00a0?<\/p>\n<p style=\"text-align: center;\">vers 1774<\/p>\n<p style=\"text-align: center;\">fils de<\/p>\n<p style=\"text-align: center;\">Antoine SAUVANOT, <span style=\"color: #008000;\"><strong>ma\u00e7on \/ <\/strong><\/span>Jeanne FAURIE<\/p>\n<p style=\"text-align: center;\"><span style=\"color: #ffffff;\">\u25d9<\/span><\/p>\n<p><em>Gabriel \u00e9pouse Marie <\/em><strong>DELOUIS <\/strong><em>le 20 pluvi\u00f4se an VIII (9 f\u00e9vrier <\/em><strong>1800<\/strong><em>) \u00e0 Roy\u00e8re.<\/em><\/p>\n<p><em> Ils habitent La Vergne, commune du Monteil-au-Vicomte, o\u00f9 d\u00e9c\u00e8de Marie le 30 mars <\/em><strong>1831<\/strong><em>, \u00e2g\u00e9e de 54 ans environ. <\/em><\/p>\n<p><em>Gabriel se remarie le 18 f\u00e9vrier <\/em><strong>1833<\/strong><em> au Monteil avec Marguerite <\/em><strong>TOURAUD<\/strong><em>. Ils vivent aussi \u00e0 La Vergne.<\/em><\/p>\n<p><em> Gabriel y d\u00e9c\u00e8de le 19 janvier <\/em><strong>1859<\/strong><em>, \u00e2g\u00e9 de 85 ans environ.<\/em><\/p>\n<p>&nbsp;<\/p>\n","protected":false},"excerpt":{"rendered":"<p>Mis \u00e0 jour le : 30\/04\/2026Gabriel SAUVANOT vers 1774 \u2013 1859 ma\u00e7on et\u00a0\u25bascieur de long &nbsp; n\u00e9 \u00e0 Larfouill\u00e8re (Ch\u00e2tain)\u00a0? vers 1774 fils de Antoine SAUVANOT, ma\u00e7on \/ Jeanne FAURIE \u25d9 Gabriel \u00e9pouse Marie DELOUIS le 20 pluvi\u00f4se an VIII (9 f\u00e9vrier 1800) \u00e0 Roy\u00e8re. Ils habitent La Vergne, commune du Monteil-au-Vicomte, o\u00f9 d\u00e9c\u00e8de Marie ..<\/p>\n<div class=\"clear-fix\"><\/div>\n<p><a href=\"https:\/\/www.lesmaconsdelacreuse.fr\/annuaires\/lettre-s\/s_172\/\" title=\"Lire la suite...\">Lire la suite<\/a><\/p>\n","protected":false},"author":2,"featured_media":0,"comment_status":"closed","ping_status":"closed","sticky":false,"template":"","format":"standard","meta":{"_acf_changed":false,"_exactmetrics_skip_tracking":false,"_exactmetrics_sitenote_active":false,"_exactmetrics_sitenote_note":"","_exactmetrics_sitenote_category":0,"footnotes":""},"categories":[12],"tags":[],"class_list":["post-4646","post","type-post","status-publish","format-standard","hentry","category-lettre-s"],"acf":[],"_links":{"self":[{"href":"https:\/\/www.lesmaconsdelacreuse.fr\/annuaires\/wp-json\/wp\/v2\/posts\/4646","targetHints":{"allow":["GET"]}}],"collection":[{"href":"https:\/\/www.lesmaconsdelacreuse.fr\/annuaires\/wp-json\/wp\/v2\/posts"}],"about":[{"href":"https:\/\/www.lesmaconsdelacreuse.fr\/annuaires\/wp-json\/wp\/v2\/types\/post"}],"author":[{"embeddable":true,"href":"https:\/\/www.lesmaconsdelacreuse.fr\/annuaires\/wp-json\/wp\/v2\/users\/2"}],"replies":[{"embeddable":true,"href":"https:\/\/www.lesmaconsdelacreuse.fr\/annuaires\/wp-json\/wp\/v2\/comments?post=4646"}],"version-history":[{"count":0,"href":"https:\/\/www.lesmaconsdelacreuse.fr\/annuaires\/wp-json\/wp\/v2\/posts\/4646\/revisions"}],"wp:attachment":[{"href":"https:\/\/www.lesmaconsdelacreuse.fr\/annuaires\/wp-json\/wp\/v2\/media?parent=4646"}],"wp:term":[{"taxonomy":"category","embeddable":true,"href":"https:\/\/www.lesmaconsdelacreuse.fr\/annuaires\/wp-json\/wp\/v2\/categories?post=4646"},{"taxonomy":"post_tag","embeddable":true,"href":"https:\/\/www.lesmaconsdelacreuse.fr\/annuaires\/wp-json\/wp\/v2\/tags?post=4646"}],"curies":[{"name":"wp","href":"https:\/\/api.w.org\/{rel}","templated":true}]}}