{"id":4650,"date":"2019-07-28T12:11:12","date_gmt":"2019-07-28T10:11:12","guid":{"rendered":"http:\/\/lesmaconsdelacreuse.fr\/annuaire\/?p=4650"},"modified":"2020-01-20T11:30:06","modified_gmt":"2020-01-20T10:30:06","slug":"s_153","status":"publish","type":"post","link":"https:\/\/www.lesmaconsdelacreuse.fr\/annuaires\/lettre-s\/s_153\/","title":{"rendered":"SAUVANAUD Antoine (1749-1822)"},"content":{"rendered":"<p class=\"last-updated\"><strong>Mis \u00e0 jour le :<\/strong> 30\/04\/2026<\/p><h2 style=\"text-align: center;\"><strong>Antoine SAUVANAUD<\/strong><\/h2>\n<p style=\"text-align: center;\"><strong>1749 \u2013 1822<\/strong><\/p>\n<p style=\"text-align: center;\"><img decoding=\"async\" title=\"\" src=\"https:\/\/lesmaconsdelacreuse.fr\/annuaire\/wp-content\/uploads\/2019\/07\/image1-1017.jpg\" alt=\"\" data-asset-id=\"4649\" data-source-id=\"i.0\" \/><\/p>\n<h4 style=\"text-align: center;\"><span style=\"color: #008000;\"><strong>ma\u00e7on<\/strong><\/span><\/h4>\n<p style=\"text-align: center;\">n\u00e9 \u00e0 Larfouill\u00e8re (Ch\u00e2tain)<\/p>\n<p style=\"text-align: center;\">le 7 octobre 1749<\/p>\n<p style=\"text-align: center;\">fils de<\/p>\n<p style=\"text-align: center;\">Antoine SAUVANAUD \/ Jeanne PARADOUX<\/p>\n<p style=\"text-align: center;\"><span style=\"color: #ffffff;\">\u25d9<\/span><\/p>\n<p><em>Antoine \u00e9pouse Jeanne <\/em><strong>FAURIE<\/strong><em> le 12 f\u00e9vrier <\/em><strong>1770<\/strong><em> \u00e0 Valli\u00e8re. Ils habitent Larfouill\u00e8re.<\/em><\/p>\n<p><em>Jeanne y d\u00e9c\u00e8de le 7 janvier <\/em><strong>1787<\/strong><em>, \u00e2g\u00e9e de 40 ans environ. <\/em><\/p>\n<p><em>Antoine se remarie le 4 f\u00e9vrier <\/em><strong>1788<\/strong><em> \u00e0 Saint-Marc-\u00e0-Loubaud avec Jeanne <\/em><strong>VALETTE<\/strong><em>.<\/em><\/p>\n<p><em> Ils d\u00e9c\u00e8dent \u00e0 La Vergne, commune du Monteil-au-Vicomte\u00a0:<\/em><\/p>\n<ul>\n<li><em> Antoine, le 4 janvier <\/em><strong>1822<\/strong><em>, \u00e2g\u00e9 de 72 ans<\/em><\/li>\n<li><em> Jeanne, le 3 septembre de la m\u00eame ann\u00e9e, \u00e2g\u00e9e de 65 ans environ<\/em><\/li>\n<\/ul>\n","protected":false},"excerpt":{"rendered":"<p>Mis \u00e0 jour le : 30\/04\/2026Antoine SAUVANAUD 1749 \u2013 1822 ma\u00e7on n\u00e9 \u00e0 Larfouill\u00e8re (Ch\u00e2tain) le 7 octobre 1749 fils de Antoine SAUVANAUD \/ Jeanne PARADOUX \u25d9 Antoine \u00e9pouse Jeanne FAURIE le 12 f\u00e9vrier 1770 \u00e0 Valli\u00e8re. Ils habitent Larfouill\u00e8re. Jeanne y d\u00e9c\u00e8de le 7 janvier 1787, \u00e2g\u00e9e de 40 ans environ. Antoine se remarie ..<\/p>\n<div class=\"clear-fix\"><\/div>\n<p><a href=\"https:\/\/www.lesmaconsdelacreuse.fr\/annuaires\/lettre-s\/s_153\/\" title=\"Lire la suite...\">Lire la suite<\/a><\/p>\n","protected":false},"author":2,"featured_media":0,"comment_status":"closed","ping_status":"closed","sticky":false,"template":"","format":"standard","meta":{"_acf_changed":false,"_exactmetrics_skip_tracking":false,"_exactmetrics_sitenote_active":false,"_exactmetrics_sitenote_note":"","_exactmetrics_sitenote_category":0,"footnotes":""},"categories":[12],"tags":[],"class_list":["post-4650","post","type-post","status-publish","format-standard","hentry","category-lettre-s"],"acf":[],"_links":{"self":[{"href":"https:\/\/www.lesmaconsdelacreuse.fr\/annuaires\/wp-json\/wp\/v2\/posts\/4650","targetHints":{"allow":["GET"]}}],"collection":[{"href":"https:\/\/www.lesmaconsdelacreuse.fr\/annuaires\/wp-json\/wp\/v2\/posts"}],"about":[{"href":"https:\/\/www.lesmaconsdelacreuse.fr\/annuaires\/wp-json\/wp\/v2\/types\/post"}],"author":[{"embeddable":true,"href":"https:\/\/www.lesmaconsdelacreuse.fr\/annuaires\/wp-json\/wp\/v2\/users\/2"}],"replies":[{"embeddable":true,"href":"https:\/\/www.lesmaconsdelacreuse.fr\/annuaires\/wp-json\/wp\/v2\/comments?post=4650"}],"version-history":[{"count":0,"href":"https:\/\/www.lesmaconsdelacreuse.fr\/annuaires\/wp-json\/wp\/v2\/posts\/4650\/revisions"}],"wp:attachment":[{"href":"https:\/\/www.lesmaconsdelacreuse.fr\/annuaires\/wp-json\/wp\/v2\/media?parent=4650"}],"wp:term":[{"taxonomy":"category","embeddable":true,"href":"https:\/\/www.lesmaconsdelacreuse.fr\/annuaires\/wp-json\/wp\/v2\/categories?post=4650"},{"taxonomy":"post_tag","embeddable":true,"href":"https:\/\/www.lesmaconsdelacreuse.fr\/annuaires\/wp-json\/wp\/v2\/tags?post=4650"}],"curies":[{"name":"wp","href":"https:\/\/api.w.org\/{rel}","templated":true}]}}