{"id":4652,"date":"2019-07-28T12:11:12","date_gmt":"2019-07-28T10:11:12","guid":{"rendered":"http:\/\/lesmaconsdelacreuse.fr\/annuaire\/?p=4652"},"modified":"2020-01-20T11:30:06","modified_gmt":"2020-01-20T10:30:06","slug":"s_173","status":"publish","type":"post","link":"https:\/\/www.lesmaconsdelacreuse.fr\/annuaires\/lettre-s\/s_173\/","title":{"rendered":"SAUVANAUD Gabriel (vers 1798-apr\u00e8s 1841)"},"content":{"rendered":"<p class=\"last-updated\"><strong>Mis \u00e0 jour le :<\/strong> 30\/04\/2026<\/p><h2 style=\"text-align: center;\"><strong>Gabriel SAUVANAUD<\/strong><\/h2>\n<p style=\"text-align: center;\"><strong>vers 1798 \u2013 apr\u00e8s 1841<\/strong><\/p>\n<p style=\"text-align: center;\"><img decoding=\"async\" title=\"\" src=\"https:\/\/lesmaconsdelacreuse.fr\/annuaire\/wp-content\/uploads\/2019\/07\/image1-1018.jpg\" alt=\"\" data-asset-id=\"4651\" data-source-id=\"i.0\" \/><\/p>\n<h4 style=\"text-align: center;\"><span style=\"color: #008000;\"><strong>ma\u00e7on<\/strong><\/span><\/h4>\n<p style=\"text-align: center;\">n\u00e9 \u00e0 Larfouill\u00e8re (Ch\u00e2tain)\u00a0?<\/p>\n<p style=\"text-align: center;\">vers 1798<\/p>\n<p style=\"text-align: center;\">fils de<\/p>\n<p style=\"text-align: center;\">Antoine SAUVANAUD, <span style=\"color: #008000;\"><strong>ma\u00e7on<\/strong><\/span><\/p>\n<p style=\"text-align: center;\">Berthe CANCALON, cultivatrice<\/p>\n<p style=\"text-align: center;\"><span style=\"color: #ffffff;\">\u25d9<\/span><\/p>\n<p><em>Gabriel \u00e9pouse Jeanne <\/em><strong>PINET<\/strong><em> le 14 f\u00e9vrier <\/em><strong>1819<\/strong> <em>\u00e0 Ch\u00e2tain.<\/em><\/p>\n<p><em> Ils habitent Larfouill\u00e8re. <\/em><\/p>\n<p><em>Jeanne d\u00e9c\u00e8de au Planchadeau, commune de Saint-Pierre-le-Bost, le 24 octobre <\/em><strong>1841<\/strong><em>, \u00e2g\u00e9e de 42 ans environ.<\/em><\/p>\n","protected":false},"excerpt":{"rendered":"<p>Mis \u00e0 jour le : 30\/04\/2026Gabriel SAUVANAUD vers 1798 \u2013 apr\u00e8s 1841 ma\u00e7on n\u00e9 \u00e0 Larfouill\u00e8re (Ch\u00e2tain)\u00a0? vers 1798 fils de Antoine SAUVANAUD, ma\u00e7on Berthe CANCALON, cultivatrice \u25d9 Gabriel \u00e9pouse Jeanne PINET le 14 f\u00e9vrier 1819 \u00e0 Ch\u00e2tain. Ils habitent Larfouill\u00e8re. Jeanne d\u00e9c\u00e8de au Planchadeau, commune de Saint-Pierre-le-Bost, le 24 octobre 1841, \u00e2g\u00e9e de 42 ..<\/p>\n<div class=\"clear-fix\"><\/div>\n<p><a href=\"https:\/\/www.lesmaconsdelacreuse.fr\/annuaires\/lettre-s\/s_173\/\" title=\"Lire la suite...\">Lire la suite<\/a><\/p>\n","protected":false},"author":2,"featured_media":0,"comment_status":"closed","ping_status":"closed","sticky":false,"template":"","format":"standard","meta":{"_acf_changed":false,"_exactmetrics_skip_tracking":false,"_exactmetrics_sitenote_active":false,"_exactmetrics_sitenote_note":"","_exactmetrics_sitenote_category":0,"footnotes":""},"categories":[12],"tags":[],"class_list":["post-4652","post","type-post","status-publish","format-standard","hentry","category-lettre-s"],"acf":[],"_links":{"self":[{"href":"https:\/\/www.lesmaconsdelacreuse.fr\/annuaires\/wp-json\/wp\/v2\/posts\/4652","targetHints":{"allow":["GET"]}}],"collection":[{"href":"https:\/\/www.lesmaconsdelacreuse.fr\/annuaires\/wp-json\/wp\/v2\/posts"}],"about":[{"href":"https:\/\/www.lesmaconsdelacreuse.fr\/annuaires\/wp-json\/wp\/v2\/types\/post"}],"author":[{"embeddable":true,"href":"https:\/\/www.lesmaconsdelacreuse.fr\/annuaires\/wp-json\/wp\/v2\/users\/2"}],"replies":[{"embeddable":true,"href":"https:\/\/www.lesmaconsdelacreuse.fr\/annuaires\/wp-json\/wp\/v2\/comments?post=4652"}],"version-history":[{"count":0,"href":"https:\/\/www.lesmaconsdelacreuse.fr\/annuaires\/wp-json\/wp\/v2\/posts\/4652\/revisions"}],"wp:attachment":[{"href":"https:\/\/www.lesmaconsdelacreuse.fr\/annuaires\/wp-json\/wp\/v2\/media?parent=4652"}],"wp:term":[{"taxonomy":"category","embeddable":true,"href":"https:\/\/www.lesmaconsdelacreuse.fr\/annuaires\/wp-json\/wp\/v2\/categories?post=4652"},{"taxonomy":"post_tag","embeddable":true,"href":"https:\/\/www.lesmaconsdelacreuse.fr\/annuaires\/wp-json\/wp\/v2\/tags?post=4652"}],"curies":[{"name":"wp","href":"https:\/\/api.w.org\/{rel}","templated":true}]}}