{"id":4659,"date":"2019-07-28T12:11:10","date_gmt":"2019-07-28T10:11:10","guid":{"rendered":"http:\/\/lesmaconsdelacreuse.fr\/annuaire\/?p=4659"},"modified":"2020-10-03T13:58:13","modified_gmt":"2020-10-03T11:58:13","slug":"s_190","status":"publish","type":"post","link":"https:\/\/www.lesmaconsdelacreuse.fr\/annuaires\/lettre-s\/s_190\/","title":{"rendered":"SAUVANAUD Jean (1826-1898)"},"content":{"rendered":"<p class=\"last-updated\"><strong>Mis \u00e0 jour le :<\/strong> 30\/04\/2026<\/p><h2 style=\"text-align: center;\"><strong>Jean SAUVANAUD<\/strong><\/h2>\n<p style=\"text-align: center;\"><strong>1826 \u2013 1898<\/strong><\/p>\n<p style=\"text-align: center;\"><img decoding=\"async\" title=\"\" src=\"https:\/\/lesmaconsdelacreuse.fr\/annuaire\/wp-content\/uploads\/2019\/07\/image1-1020.jpg\" alt=\"\" data-asset-id=\"4657\" data-source-id=\"i.0\" \/><\/p>\n<h4 style=\"text-align: center;\"><span style=\"color: #008000;\"><strong>ma\u00e7on <\/strong>puis<strong> marchand des quatre saisons<\/strong><\/span><\/h4>\n<p>&nbsp;<\/p>\n<p style=\"text-align: center;\">n\u00e9 \u00e0 La Vergne (Le Monteil-au-Vicomte)<\/p>\n<p style=\"text-align: center;\">le 12 f\u00e9vrier 1826<\/p>\n<p style=\"text-align: center;\">fils de<\/p>\n<p style=\"text-align: center;\">Gabriel SAUVANAUD, <span style=\"color: #008000;\"><strong>ma\u00e7on<\/strong><\/span> et \u25ba<a href=\"https:\/\/www.lesmaconsdelacreuse.fr\/annuaires\/wp-content\/uploads\/2020\/08\/SCIEUR-DE-LONG.png\" target=\"_blank\" rel=\"noopener noreferrer\">scieur de long<\/a><\/p>\n<p style=\"text-align: center;\">Marie DELOUIS, cultivatrice<\/p>\n<p style=\"text-align: center;\"><span style=\"color: #ffffff;\">\u25d9<\/span><\/p>\n<p><strong>En 1860<\/strong><em>, Jean, <\/em><span style=\"color: #008000;\"><strong>ma\u00e7on<\/strong><\/span><em>, travaille \u00e0 <\/em><span style=\"color: #0000ff;\"><strong>Paris (75)<\/strong><\/span><em> et loge 22, place Maubert, dans le 5e arrondissement.<\/em><\/p>\n<p><em>Le 7 f\u00e9vrier de la m\u00eame ann\u00e9e, il \u00e9pouse \u00e0 Paris 5e, Marie Nathalie <\/em><strong>GORET<\/strong><em>, n\u00e9e en Belgique (mari\u00e9s sans contrat). <\/em><\/p>\n<p><strong>En 1898<\/strong><em>, veuf, <\/em><span style=\"color: #008000;\"><strong>marchand des quatre saisons<\/strong><\/span><em>, il habite 40, rue Beaubourg, Paris 3e arrondissement.<\/em><\/p>\n<p><em>Il d\u00e9c\u00e8de \u00e0 cette adresse, le 15 avril de la m\u00eame ann\u00e9e, \u00e2g\u00e9 de 72 ans.<\/em><\/p>\n<p>&nbsp;<\/p>\n","protected":false},"excerpt":{"rendered":"<p>Mis \u00e0 jour le : 30\/04\/2026Jean SAUVANAUD 1826 \u2013 1898 ma\u00e7on puis marchand des quatre saisons &nbsp; n\u00e9 \u00e0 La Vergne (Le Monteil-au-Vicomte) le 12 f\u00e9vrier 1826 fils de Gabriel SAUVANAUD, ma\u00e7on et \u25bascieur de long Marie DELOUIS, cultivatrice \u25d9 En 1860, Jean, ma\u00e7on, travaille \u00e0 Paris (75) et loge 22, place Maubert, dans le ..<\/p>\n<div class=\"clear-fix\"><\/div>\n<p><a href=\"https:\/\/www.lesmaconsdelacreuse.fr\/annuaires\/lettre-s\/s_190\/\" title=\"Lire la suite...\">Lire la suite<\/a><\/p>\n","protected":false},"author":2,"featured_media":0,"comment_status":"closed","ping_status":"closed","sticky":false,"template":"","format":"standard","meta":{"_acf_changed":false,"_exactmetrics_skip_tracking":false,"_exactmetrics_sitenote_active":false,"_exactmetrics_sitenote_note":"","_exactmetrics_sitenote_category":0,"footnotes":""},"categories":[12],"tags":[],"class_list":["post-4659","post","type-post","status-publish","format-standard","hentry","category-lettre-s"],"acf":[],"_links":{"self":[{"href":"https:\/\/www.lesmaconsdelacreuse.fr\/annuaires\/wp-json\/wp\/v2\/posts\/4659","targetHints":{"allow":["GET"]}}],"collection":[{"href":"https:\/\/www.lesmaconsdelacreuse.fr\/annuaires\/wp-json\/wp\/v2\/posts"}],"about":[{"href":"https:\/\/www.lesmaconsdelacreuse.fr\/annuaires\/wp-json\/wp\/v2\/types\/post"}],"author":[{"embeddable":true,"href":"https:\/\/www.lesmaconsdelacreuse.fr\/annuaires\/wp-json\/wp\/v2\/users\/2"}],"replies":[{"embeddable":true,"href":"https:\/\/www.lesmaconsdelacreuse.fr\/annuaires\/wp-json\/wp\/v2\/comments?post=4659"}],"version-history":[{"count":0,"href":"https:\/\/www.lesmaconsdelacreuse.fr\/annuaires\/wp-json\/wp\/v2\/posts\/4659\/revisions"}],"wp:attachment":[{"href":"https:\/\/www.lesmaconsdelacreuse.fr\/annuaires\/wp-json\/wp\/v2\/media?parent=4659"}],"wp:term":[{"taxonomy":"category","embeddable":true,"href":"https:\/\/www.lesmaconsdelacreuse.fr\/annuaires\/wp-json\/wp\/v2\/categories?post=4659"},{"taxonomy":"post_tag","embeddable":true,"href":"https:\/\/www.lesmaconsdelacreuse.fr\/annuaires\/wp-json\/wp\/v2\/tags?post=4659"}],"curies":[{"name":"wp","href":"https:\/\/api.w.org\/{rel}","templated":true}]}}