{"id":4663,"date":"2019-07-28T12:11:09","date_gmt":"2019-07-28T10:11:09","guid":{"rendered":"http:\/\/lesmaconsdelacreuse.fr\/annuaire\/?p=4663"},"modified":"2020-10-12T13:52:12","modified_gmt":"2020-10-12T11:52:12","slug":"s_168","status":"publish","type":"post","link":"https:\/\/www.lesmaconsdelacreuse.fr\/annuaires\/lettre-s\/s_168\/","title":{"rendered":"SAUVANAUD Fran\u00e7ois (1805-apr\u00e8s 1864)"},"content":{"rendered":"<p class=\"last-updated\"><strong>Mis \u00e0 jour le :<\/strong> 30\/04\/2026<\/p><h2 style=\"text-align: center;\"><strong>Fran\u00e7ois SAUVANAUD<\/strong><\/h2>\n<p style=\"text-align: center;\"><strong>1805 \u2013 apr\u00e8s 1864<\/strong><\/p>\n<p style=\"text-align: center;\"><img decoding=\"async\" title=\"\" src=\"https:\/\/lesmaconsdelacreuse.fr\/annuaire\/wp-content\/uploads\/2019\/07\/image1-1021.jpg\" alt=\"\" data-asset-id=\"4660\" data-source-id=\"i.0\" \/><\/p>\n<h4 style=\"text-align: center;\"><span style=\"color: #008000;\"><strong>ma\u00e7on <\/strong>et <\/span><strong><span style=\"color: #008000;\">cultivateur \u25ba<a href=\"https:\/\/www.lesmaconsdelacreuse.fr\/annuaires\/wp-content\/uploads\/2020\/08\/COLON-COLON-PARTIAIRE.png\" target=\"_blank\" rel=\"noopener noreferrer\"><span style=\"color: #008000;\">colon<\/span><\/a><br \/>\n<\/span><\/strong><\/h4>\n<p>&nbsp;<\/p>\n<p style=\"text-align: center;\">n\u00e9 \u00e0 La For\u00eat (Vidaillat),<\/p>\n<p style=\"text-align: center;\">le 1er brumaire an XIV (23 octobre 1805)<\/p>\n<p style=\"text-align: center;\">fils de<\/p>\n<p style=\"text-align: center;\">L\u00e9onard SAUVANAUD, <strong>\u25ba<\/strong><strong><a href=\"https:\/\/www.lesmaconsdelacreuse.fr\/annuaires\/wp-content\/uploads\/2020\/08\/CHARRON.png\" target=\"_blank\" rel=\"noopener noreferrer\">charron<\/a><\/strong><\/p>\n<p style=\"text-align: center;\">Fran\u00e7oise BRANCHE, cultivatrice<\/p>\n<p style=\"text-align: center;\"><span style=\"color: #ffffff;\">\u25d9<\/span><\/p>\n<p><em>Fran\u00e7ois \u00e9pouse Marie <\/em><strong>FANTON<\/strong><em> le 1er mars <\/em><strong>1830<\/strong> <em>\u00e0 Morterolles (contrat Lepetit au Monteil-au-Vicomte).<\/em><\/p>\n<p><em>Ils vivent au Masd\u00e9rier, m\u00eame commune. <\/em><\/p>\n<p><strong>En 1831 et 1833<\/strong><em>, Fran\u00e7ois travaille \u00e0 <\/em><span style=\"color: #0000ff;\"><strong>Lyon (69)<\/strong><\/span><em>.<\/em><\/p>\n<p><strong>En 1864<\/strong><em>, il est retir\u00e9 au Masd\u00e9rier.<\/em><\/p>\n<p>&nbsp;<\/p>\n","protected":false},"excerpt":{"rendered":"<p>Mis \u00e0 jour le : 30\/04\/2026Fran\u00e7ois SAUVANAUD 1805 \u2013 apr\u00e8s 1864 ma\u00e7on et cultivateur \u25bacolon &nbsp; n\u00e9 \u00e0 La For\u00eat (Vidaillat), le 1er brumaire an XIV (23 octobre 1805) fils de L\u00e9onard SAUVANAUD, \u25bacharron Fran\u00e7oise BRANCHE, cultivatrice \u25d9 Fran\u00e7ois \u00e9pouse Marie FANTON le 1er mars 1830 \u00e0 Morterolles (contrat Lepetit au Monteil-au-Vicomte). Ils vivent au ..<\/p>\n<div class=\"clear-fix\"><\/div>\n<p><a href=\"https:\/\/www.lesmaconsdelacreuse.fr\/annuaires\/lettre-s\/s_168\/\" title=\"Lire la suite...\">Lire la suite<\/a><\/p>\n","protected":false},"author":2,"featured_media":0,"comment_status":"closed","ping_status":"closed","sticky":false,"template":"","format":"standard","meta":{"_acf_changed":false,"_exactmetrics_skip_tracking":false,"_exactmetrics_sitenote_active":false,"_exactmetrics_sitenote_note":"","_exactmetrics_sitenote_category":0,"footnotes":""},"categories":[12],"tags":[],"class_list":["post-4663","post","type-post","status-publish","format-standard","hentry","category-lettre-s"],"acf":[],"_links":{"self":[{"href":"https:\/\/www.lesmaconsdelacreuse.fr\/annuaires\/wp-json\/wp\/v2\/posts\/4663","targetHints":{"allow":["GET"]}}],"collection":[{"href":"https:\/\/www.lesmaconsdelacreuse.fr\/annuaires\/wp-json\/wp\/v2\/posts"}],"about":[{"href":"https:\/\/www.lesmaconsdelacreuse.fr\/annuaires\/wp-json\/wp\/v2\/types\/post"}],"author":[{"embeddable":true,"href":"https:\/\/www.lesmaconsdelacreuse.fr\/annuaires\/wp-json\/wp\/v2\/users\/2"}],"replies":[{"embeddable":true,"href":"https:\/\/www.lesmaconsdelacreuse.fr\/annuaires\/wp-json\/wp\/v2\/comments?post=4663"}],"version-history":[{"count":0,"href":"https:\/\/www.lesmaconsdelacreuse.fr\/annuaires\/wp-json\/wp\/v2\/posts\/4663\/revisions"}],"wp:attachment":[{"href":"https:\/\/www.lesmaconsdelacreuse.fr\/annuaires\/wp-json\/wp\/v2\/media?parent=4663"}],"wp:term":[{"taxonomy":"category","embeddable":true,"href":"https:\/\/www.lesmaconsdelacreuse.fr\/annuaires\/wp-json\/wp\/v2\/categories?post=4663"},{"taxonomy":"post_tag","embeddable":true,"href":"https:\/\/www.lesmaconsdelacreuse.fr\/annuaires\/wp-json\/wp\/v2\/tags?post=4663"}],"curies":[{"name":"wp","href":"https:\/\/api.w.org\/{rel}","templated":true}]}}