{"id":4672,"date":"2019-07-28T12:11:09","date_gmt":"2019-07-28T10:11:09","guid":{"rendered":"http:\/\/lesmaconsdelacreuse.fr\/annuaire\/?p=4672"},"modified":"2020-09-21T16:45:52","modified_gmt":"2020-09-21T14:45:52","slug":"s_159","status":"publish","type":"post","link":"https:\/\/www.lesmaconsdelacreuse.fr\/annuaires\/lettre-s\/s_159\/","title":{"rendered":"SAUVANAUD Antoine (1842-1910)"},"content":{"rendered":"<p class=\"last-updated\"><strong>Mis \u00e0 jour le :<\/strong> 30\/04\/2026<\/p><h2 style=\"text-align: center;\"><strong>Antoine SAUVANAUD<\/strong><\/h2>\n<p style=\"text-align: center;\"><strong>1842 \u2013 1910<\/strong><\/p>\n<p style=\"text-align: center;\"><img loading=\"lazy\" decoding=\"async\" class=\"\" title=\"\" src=\"https:\/\/lesmaconsdelacreuse.fr\/annuaire\/wp-content\/uploads\/2019\/07\/image1-1026.jpg\" alt=\"\" width=\"426\" height=\"115\" data-asset-id=\"4670\" data-source-id=\"i.0\" \/><\/p>\n<h4 style=\"text-align: center;\"><span style=\"color: #008000;\"><strong>ma\u00e7on<\/strong><\/span><\/h4>\n<p>&nbsp;<\/p>\n<p style=\"text-align: center;\">n\u00e9 \u00e0 Larfouill\u00e8re (Le Monteil-au-Vicomte)<\/p>\n<p style=\"text-align: center;\">le 1er octobre 1842<\/p>\n<p style=\"text-align: center;\">fils de<\/p>\n<p style=\"text-align: center;\">Antoine SAUVANAUD, <span style=\"color: #008000;\"><strong>ma\u00e7on<\/strong><\/span><\/p>\n<p style=\"text-align: center;\">Marie SAUVANAUD, cultivatrice<\/p>\n<p style=\"text-align: center;\"><span style=\"color: #ffffff;\">\u25d9<\/span><\/p>\n<p><strong>En 1863<\/strong><em>, Antoine travaille dans la <\/em><span style=\"color: #0000ff;\"><strong>Seine <\/strong><\/span><em>et y passe le conseil de r\u00e9vision. Il s\u2019y pr\u00e9sente avec une \u25ba<a href=\"https:\/\/www.lesmaconsdelacreuse.fr\/annuaires\/wp-content\/uploads\/2020\/08\/HERNIE-INGUINALE.png\" target=\"_blank\" rel=\"noopener noreferrer\">hernie inguinale<\/a>, et est ajourn\u00e9.<\/em><\/p>\n<p><em> Il \u00e9pouse Madeleine Antoinette <\/em><strong>BOURSON<\/strong><em> le 12 f\u00e9vrier<\/em> <strong>1870<\/strong><em> \u00e0 Valli\u00e8re (contrat Vigier). <\/em><\/p>\n<p><em>En d\u00e9cembre de la m\u00eame ann\u00e9e, il travaille \u00e0 <\/em><span style=\"color: #0000ff;\"><strong>Paris (75)<\/strong><\/span><em>, alors que sa femme accouche \u00e0 Lavaud-Soubrane, commune de Valli\u00e8re.<\/em><\/p>\n<p><em>Les \u00e9poux d\u00e9c\u00e8dent\u00a0:<\/em><\/p>\n<ul>\n<li><em>Madeleine \u00e0 Paris le 25 f\u00e9vrier <\/em><strong>1882<\/strong>, \u00e2g\u00e9e de 34 ans<\/li>\n<li><em>Antoine, rentier, \u00e0 Larfouill\u00e8re, le 8 ao\u00fbt <\/em><strong>1910<\/strong><em>, \u00e2g\u00e9 de 67 ans<\/em><\/li>\n<\/ul>\n<p>&nbsp;<\/p>\n","protected":false},"excerpt":{"rendered":"<p>Mis \u00e0 jour le : 30\/04\/2026Antoine SAUVANAUD 1842 \u2013 1910 ma\u00e7on &nbsp; n\u00e9 \u00e0 Larfouill\u00e8re (Le Monteil-au-Vicomte) le 1er octobre 1842 fils de Antoine SAUVANAUD, ma\u00e7on Marie SAUVANAUD, cultivatrice \u25d9 En 1863, Antoine travaille dans la Seine et y passe le conseil de r\u00e9vision. Il s\u2019y pr\u00e9sente avec une \u25bahernie inguinale, et est ajourn\u00e9. Il ..<\/p>\n<div class=\"clear-fix\"><\/div>\n<p><a href=\"https:\/\/www.lesmaconsdelacreuse.fr\/annuaires\/lettre-s\/s_159\/\" title=\"Lire la suite...\">Lire la suite<\/a><\/p>\n","protected":false},"author":2,"featured_media":0,"comment_status":"closed","ping_status":"closed","sticky":false,"template":"","format":"standard","meta":{"_acf_changed":false,"_exactmetrics_skip_tracking":false,"_exactmetrics_sitenote_active":false,"_exactmetrics_sitenote_note":"","_exactmetrics_sitenote_category":0,"footnotes":""},"categories":[12],"tags":[],"class_list":["post-4672","post","type-post","status-publish","format-standard","hentry","category-lettre-s"],"acf":[],"_links":{"self":[{"href":"https:\/\/www.lesmaconsdelacreuse.fr\/annuaires\/wp-json\/wp\/v2\/posts\/4672","targetHints":{"allow":["GET"]}}],"collection":[{"href":"https:\/\/www.lesmaconsdelacreuse.fr\/annuaires\/wp-json\/wp\/v2\/posts"}],"about":[{"href":"https:\/\/www.lesmaconsdelacreuse.fr\/annuaires\/wp-json\/wp\/v2\/types\/post"}],"author":[{"embeddable":true,"href":"https:\/\/www.lesmaconsdelacreuse.fr\/annuaires\/wp-json\/wp\/v2\/users\/2"}],"replies":[{"embeddable":true,"href":"https:\/\/www.lesmaconsdelacreuse.fr\/annuaires\/wp-json\/wp\/v2\/comments?post=4672"}],"version-history":[{"count":0,"href":"https:\/\/www.lesmaconsdelacreuse.fr\/annuaires\/wp-json\/wp\/v2\/posts\/4672\/revisions"}],"wp:attachment":[{"href":"https:\/\/www.lesmaconsdelacreuse.fr\/annuaires\/wp-json\/wp\/v2\/media?parent=4672"}],"wp:term":[{"taxonomy":"category","embeddable":true,"href":"https:\/\/www.lesmaconsdelacreuse.fr\/annuaires\/wp-json\/wp\/v2\/categories?post=4672"},{"taxonomy":"post_tag","embeddable":true,"href":"https:\/\/www.lesmaconsdelacreuse.fr\/annuaires\/wp-json\/wp\/v2\/tags?post=4672"}],"curies":[{"name":"wp","href":"https:\/\/api.w.org\/{rel}","templated":true}]}}