{"id":4680,"date":"2019-07-28T12:11:08","date_gmt":"2019-07-28T10:11:08","guid":{"rendered":"http:\/\/lesmaconsdelacreuse.fr\/annuaire\/?p=4680"},"modified":"2020-01-20T11:30:07","modified_gmt":"2020-01-20T10:30:07","slug":"s_154","status":"publish","type":"post","link":"https:\/\/www.lesmaconsdelacreuse.fr\/annuaires\/lettre-s\/s_154\/","title":{"rendered":"SAUVANAUD Antoine (vers 1750-1807)"},"content":{"rendered":"<p class=\"last-updated\"><strong>Mis \u00e0 jour le :<\/strong> 30\/04\/2026<\/p><h2 style=\"text-align: center;\"><strong>Antoine SAUVANAUD<\/strong><\/h2>\n<p style=\"text-align: center;\"><strong>vers 1750 \u2013 1807<\/strong><\/p>\n<p style=\"text-align: center;\"><img decoding=\"async\" title=\"\" src=\"https:\/\/lesmaconsdelacreuse.fr\/annuaire\/wp-content\/uploads\/2019\/07\/image1-1030.jpg\" alt=\"\" data-asset-id=\"4678\" data-source-id=\"i.0\" \/><\/p>\n<h4 style=\"text-align: center;\"><span style=\"color: #008000;\"><strong>ma\u00e7on <\/strong>et<strong> laboureur<\/strong><\/span><\/h4>\n<p style=\"text-align: center;\">n\u00e9 \u00e0 Larfouill\u00e8re (Ch\u00e2tain)\u00a0?<\/p>\n<p style=\"text-align: center;\">vers 1750<\/p>\n<p style=\"text-align: center;\">fils de<\/p>\n<p style=\"text-align: center;\">Gabriel SAUVANAUD \/ Marie FROMENTY<\/p>\n<p style=\"text-align: center;\">laboureurs<\/p>\n<p style=\"text-align: center;\"><span style=\"color: #ffffff;\">\u25d9<\/span><\/p>\n<p><em>Antoine \u00e9pouse Anne <\/em><strong>JAMMOT <\/strong><em>le<\/em> <em>12 f\u00e9vrier <\/em><strong>1770<\/strong><em> au Monteil-au-Vicomte<\/em><strong>. <\/strong><\/p>\n<p><em>Anne d\u00e9c\u00e8de \u00e0 Larfouill\u00e8re, paroisse de Ch\u00e2tain, le 30 octobre <\/em><strong>1787<\/strong><em>, \u00e2g\u00e9e de 32 ans environ. <\/em><\/p>\n<p><em>Antoine \u00e9pouse Berthe <\/em><strong>CANCALON<\/strong><em> le 3 f\u00e9vrier <\/em><strong>1789<\/strong><em> \u00e0 Ch\u00e2tain. Ils habitent aussi Larfouill\u00e8re.<\/em><\/p>\n<p><em>Ils y d\u00e9c\u00e8dent\u00a0:<\/em><\/p>\n<ul>\n<li><em>Berthe, le 15 flor\u00e9al an VII (4 mai <\/em><strong>1799<\/strong><em>), \u00e2g\u00e9e de 40 ans environ<\/em><\/li>\n<li><em> Antoine, le 26 juillet <\/em><strong>1807<\/strong><em><strong>,<\/strong> \u00e2g\u00e9 de 57 ans environ<\/em><\/li>\n<\/ul>\n","protected":false},"excerpt":{"rendered":"<p>Mis \u00e0 jour le : 30\/04\/2026Antoine SAUVANAUD vers 1750 \u2013 1807 ma\u00e7on et laboureur n\u00e9 \u00e0 Larfouill\u00e8re (Ch\u00e2tain)\u00a0? vers 1750 fils de Gabriel SAUVANAUD \/ Marie FROMENTY laboureurs \u25d9 Antoine \u00e9pouse Anne JAMMOT le 12 f\u00e9vrier 1770 au Monteil-au-Vicomte. Anne d\u00e9c\u00e8de \u00e0 Larfouill\u00e8re, paroisse de Ch\u00e2tain, le 30 octobre 1787, \u00e2g\u00e9e de 32 ans environ. ..<\/p>\n<div class=\"clear-fix\"><\/div>\n<p><a href=\"https:\/\/www.lesmaconsdelacreuse.fr\/annuaires\/lettre-s\/s_154\/\" title=\"Lire la suite...\">Lire la suite<\/a><\/p>\n","protected":false},"author":2,"featured_media":0,"comment_status":"closed","ping_status":"closed","sticky":false,"template":"","format":"standard","meta":{"_acf_changed":false,"_exactmetrics_skip_tracking":false,"_exactmetrics_sitenote_active":false,"_exactmetrics_sitenote_note":"","_exactmetrics_sitenote_category":0,"footnotes":""},"categories":[12],"tags":[],"class_list":["post-4680","post","type-post","status-publish","format-standard","hentry","category-lettre-s"],"acf":[],"_links":{"self":[{"href":"https:\/\/www.lesmaconsdelacreuse.fr\/annuaires\/wp-json\/wp\/v2\/posts\/4680","targetHints":{"allow":["GET"]}}],"collection":[{"href":"https:\/\/www.lesmaconsdelacreuse.fr\/annuaires\/wp-json\/wp\/v2\/posts"}],"about":[{"href":"https:\/\/www.lesmaconsdelacreuse.fr\/annuaires\/wp-json\/wp\/v2\/types\/post"}],"author":[{"embeddable":true,"href":"https:\/\/www.lesmaconsdelacreuse.fr\/annuaires\/wp-json\/wp\/v2\/users\/2"}],"replies":[{"embeddable":true,"href":"https:\/\/www.lesmaconsdelacreuse.fr\/annuaires\/wp-json\/wp\/v2\/comments?post=4680"}],"version-history":[{"count":0,"href":"https:\/\/www.lesmaconsdelacreuse.fr\/annuaires\/wp-json\/wp\/v2\/posts\/4680\/revisions"}],"wp:attachment":[{"href":"https:\/\/www.lesmaconsdelacreuse.fr\/annuaires\/wp-json\/wp\/v2\/media?parent=4680"}],"wp:term":[{"taxonomy":"category","embeddable":true,"href":"https:\/\/www.lesmaconsdelacreuse.fr\/annuaires\/wp-json\/wp\/v2\/categories?post=4680"},{"taxonomy":"post_tag","embeddable":true,"href":"https:\/\/www.lesmaconsdelacreuse.fr\/annuaires\/wp-json\/wp\/v2\/tags?post=4680"}],"curies":[{"name":"wp","href":"https:\/\/api.w.org\/{rel}","templated":true}]}}