{"id":4683,"date":"2019-07-28T12:11:08","date_gmt":"2019-07-28T10:11:08","guid":{"rendered":"http:\/\/lesmaconsdelacreuse.fr\/annuaire\/?p=4683"},"modified":"2020-10-16T08:20:21","modified_gmt":"2020-10-16T06:20:21","slug":"s_169","status":"publish","type":"post","link":"https:\/\/www.lesmaconsdelacreuse.fr\/annuaires\/lettre-s\/s_169\/","title":{"rendered":"SAUVANAUD Fran\u00e7ois (1866-1897)"},"content":{"rendered":"<p class=\"last-updated\"><strong>Mis \u00e0 jour le :<\/strong> 30\/04\/2026<\/p><h2 style=\"text-align: center;\"><strong>Fran\u00e7ois SAUVANAUD<\/strong><\/h2>\n<p style=\"text-align: center;\"><strong>1866 \u2013 1897<\/strong><\/p>\n<h4 style=\"text-align: center;\"><strong>\u25ba <span style=\"color: #008000;\"><a style=\"color: #008000;\" href=\"https:\/\/www.lesmaconsdelacreuse.fr\/annuaires\/wp-content\/uploads\/2019\/07\/MAITRE-COMPAGNON.png\" target=\"_blank\" rel=\"noopener noreferrer\">ma\u00eetre compagnon <\/a><\/span><\/strong><strong><span style=\"color: #008000;\"><span style=\"color: #008000;\">ma\u00e7on<\/span><br \/>\n<\/span><\/strong><\/h4>\n<p>&nbsp;<\/p>\n<p style=\"text-align: center;\">n\u00e9 au bourg du Monteil-au-Vicomte<\/p>\n<p style=\"text-align: center;\">le 12 novembre 1866<\/p>\n<p style=\"text-align: center;\">fils de<\/p>\n<p style=\"text-align: center;\">Louis SAUVANAUD, teinturier \/ Louise CHANSARDON<\/p>\n<p style=\"text-align: center;\"><span style=\"color: #ffffff;\">\u25d9<\/span><\/p>\n<p><strong>En 1887<\/strong>, <em>Fran\u00e7ois, <\/em><span style=\"color: #008000;\"><strong>ma\u00e7on<\/strong><\/span><em>, est dispens\u00e9 de service militaire, ayant un fr\u00e8re sous les drapeaux.<\/em><\/p>\n<p><strong>En 1888<\/strong><em><strong>,<\/strong> il travaille \u00e0 <\/em><span style=\"color: #0000ff;\"><strong>Paris (75)<\/strong><\/span><em><span style=\"color: #0000ff;\">.<\/span> Il loge 10, rue des Bernardins, puis 30, rue des Carmes\u00a0;<\/em><\/p>\n<p><strong>en 1889<\/strong><em>, il est 6, rue Descartes\u00a0;<\/em><\/p>\n<p><strong>en 1892<\/strong><em>, \u00e0 <\/em><span style=\"color: #0000ff;\"><strong>Boulogne (92)<\/strong><\/span><em>\u00a0;<\/em><\/p>\n<p><strong>en 1895<\/strong><em>, de nouveau \u00e0 Paris, 85, rue Mozart\u00a0;<\/em><\/p>\n<p><strong>en 1897<\/strong><em>, 4, rue d\u2019Odessa, 14e arrondissement.<\/em><\/p>\n<p><span style=\"color: #008000;\"><strong>Ma\u00eetre compagnon ma\u00e7on<\/strong><\/span><em>, il d\u00e9c\u00e8de <\/em><strong>c\u00e9libataire<\/strong><em> \u00e0 cette adresse, \u00e2g\u00e9 de 30 ans, le 27 janvier de la m\u00eame ann\u00e9e.<\/em><\/p>\n<p>&nbsp;<\/p>\n","protected":false},"excerpt":{"rendered":"<p>Mis \u00e0 jour le : 30\/04\/2026Fran\u00e7ois SAUVANAUD 1866 \u2013 1897 \u25ba ma\u00eetre compagnon ma\u00e7on &nbsp; n\u00e9 au bourg du Monteil-au-Vicomte le 12 novembre 1866 fils de Louis SAUVANAUD, teinturier \/ Louise CHANSARDON \u25d9 En 1887, Fran\u00e7ois, ma\u00e7on, est dispens\u00e9 de service militaire, ayant un fr\u00e8re sous les drapeaux. En 1888, il travaille \u00e0 Paris (75). ..<\/p>\n<div class=\"clear-fix\"><\/div>\n<p><a href=\"https:\/\/www.lesmaconsdelacreuse.fr\/annuaires\/lettre-s\/s_169\/\" title=\"Lire la suite...\">Lire la suite<\/a><\/p>\n","protected":false},"author":2,"featured_media":0,"comment_status":"closed","ping_status":"closed","sticky":false,"template":"","format":"standard","meta":{"_acf_changed":false,"_exactmetrics_skip_tracking":false,"_exactmetrics_sitenote_active":false,"_exactmetrics_sitenote_note":"","_exactmetrics_sitenote_category":0,"footnotes":""},"categories":[12],"tags":[],"class_list":["post-4683","post","type-post","status-publish","format-standard","hentry","category-lettre-s"],"acf":[],"_links":{"self":[{"href":"https:\/\/www.lesmaconsdelacreuse.fr\/annuaires\/wp-json\/wp\/v2\/posts\/4683","targetHints":{"allow":["GET"]}}],"collection":[{"href":"https:\/\/www.lesmaconsdelacreuse.fr\/annuaires\/wp-json\/wp\/v2\/posts"}],"about":[{"href":"https:\/\/www.lesmaconsdelacreuse.fr\/annuaires\/wp-json\/wp\/v2\/types\/post"}],"author":[{"embeddable":true,"href":"https:\/\/www.lesmaconsdelacreuse.fr\/annuaires\/wp-json\/wp\/v2\/users\/2"}],"replies":[{"embeddable":true,"href":"https:\/\/www.lesmaconsdelacreuse.fr\/annuaires\/wp-json\/wp\/v2\/comments?post=4683"}],"version-history":[{"count":0,"href":"https:\/\/www.lesmaconsdelacreuse.fr\/annuaires\/wp-json\/wp\/v2\/posts\/4683\/revisions"}],"wp:attachment":[{"href":"https:\/\/www.lesmaconsdelacreuse.fr\/annuaires\/wp-json\/wp\/v2\/media?parent=4683"}],"wp:term":[{"taxonomy":"category","embeddable":true,"href":"https:\/\/www.lesmaconsdelacreuse.fr\/annuaires\/wp-json\/wp\/v2\/categories?post=4683"},{"taxonomy":"post_tag","embeddable":true,"href":"https:\/\/www.lesmaconsdelacreuse.fr\/annuaires\/wp-json\/wp\/v2\/tags?post=4683"}],"curies":[{"name":"wp","href":"https:\/\/api.w.org\/{rel}","templated":true}]}}