{"id":4684,"date":"2019-07-28T12:11:08","date_gmt":"2019-07-28T10:11:08","guid":{"rendered":"http:\/\/lesmaconsdelacreuse.fr\/annuaire\/?p=4684"},"modified":"2020-09-21T10:02:23","modified_gmt":"2020-09-21T08:02:23","slug":"s_151","status":"publish","type":"post","link":"https:\/\/www.lesmaconsdelacreuse.fr\/annuaires\/lettre-s\/s_151\/","title":{"rendered":"SAUTOUR Th\u00e9odore (1855-1895)"},"content":{"rendered":"<p class=\"last-updated\"><strong>Mis \u00e0 jour le :<\/strong> 30\/04\/2026<\/p><h2 style=\"text-align: center;\"><strong>Th\u00e9odore SAUTOUR<\/strong><\/h2>\n<p style=\"text-align: center;\"><strong>Victor SAUTOUR<\/strong><\/p>\n<p style=\"text-align: center;\"><strong>1855 \u2013 1895<\/strong><\/p>\n<p style=\"text-align: center;\"><img decoding=\"async\" title=\"\" src=\"https:\/\/lesmaconsdelacreuse.fr\/annuaire\/wp-content\/uploads\/2019\/07\/image1-1032.jpg\" alt=\"\" data-asset-id=\"4682\" data-source-id=\"i.0\" \/><\/p>\n<h4 style=\"text-align: center;\"><span style=\"color: #008000;\"><strong>ma\u00e7on <\/strong>et<strong> cultivateur<\/strong><\/span><\/h4>\n<p>&nbsp;<\/p>\n<p style=\"text-align: center;\">n\u00e9 au Leyris (Roy\u00e8re)<\/p>\n<p style=\"text-align: center;\">le 8 septembre 1855<\/p>\n<p style=\"text-align: center;\">fils de<\/p>\n<p style=\"text-align: center;\">L\u00e9onard SAUTOUR, <span style=\"color: #008000;\"><strong>ma\u00e7on \/ <\/strong><\/span>Jeanne CHABROUTY<\/p>\n<p style=\"text-align: center;\">propri\u00e9taires cultivateurs<\/p>\n<p style=\"text-align: center;\"><span style=\"color: #ffffff;\">\u25d9<\/span><\/p>\n<p><em>A une \u00e9poque, Th\u00e9odore travaille \u00e0 <\/em><span style=\"color: #0000ff;\"><strong>Blanzac (16)<\/strong><\/span><em>.<\/em><\/p>\n<p><em>Il \u00e9pouse Fran\u00e7oise <\/em><strong>CHAPOUTAUD<\/strong><em> le 25 janvier <\/em><strong>1881<\/strong><em> \u00e0 Roy\u00e8re\u00a0 (contrat Toumieux). Ils habitent Le Leyris.<\/em><\/p>\n<p><em> Ils y d\u00e9c\u00e8dent\u00a0:<\/em><\/p>\n<ul>\n<li><em>Th\u00e9odore, le 18 avril <\/em><strong>1895<\/strong><em>, \u00e2g\u00e9 de 39 ans ,<a href=\"https:\/\/www.lesmaconsdelacreuse.fr\/annuaires\/\/wp-content\/uploads\/LEXIQUE\/AB_INTESTAT.pdf\" target=\"_blank\" rel=\"noopener noreferrer\">\u25ba<\/a><a href=\"https:\/\/www.lesmaconsdelacreuse.fr\/annuaires\/\/wp-content\/uploads\/LEXIQUE\/AB_INTESTAT.pdf\" target=\"_blank\" rel=\"noopener noreferrer\">ab intestat<\/a><\/em><\/li>\n<li><em>Fran\u00e7oise, le 15 avril <\/em><strong>1913<\/strong><em>, \u00e2g\u00e9e de 51 ans<\/em><\/li>\n<\/ul>\n","protected":false},"excerpt":{"rendered":"<p>Mis \u00e0 jour le : 30\/04\/2026Th\u00e9odore SAUTOUR Victor SAUTOUR 1855 \u2013 1895 ma\u00e7on et cultivateur &nbsp; n\u00e9 au Leyris (Roy\u00e8re) le 8 septembre 1855 fils de L\u00e9onard SAUTOUR, ma\u00e7on \/ Jeanne CHABROUTY propri\u00e9taires cultivateurs \u25d9 A une \u00e9poque, Th\u00e9odore travaille \u00e0 Blanzac (16). Il \u00e9pouse Fran\u00e7oise CHAPOUTAUD le 25 janvier 1881 \u00e0 Roy\u00e8re\u00a0 (contrat Toumieux). ..<\/p>\n<div class=\"clear-fix\"><\/div>\n<p><a href=\"https:\/\/www.lesmaconsdelacreuse.fr\/annuaires\/lettre-s\/s_151\/\" title=\"Lire la suite...\">Lire la suite<\/a><\/p>\n","protected":false},"author":2,"featured_media":0,"comment_status":"closed","ping_status":"closed","sticky":false,"template":"","format":"standard","meta":{"_acf_changed":false,"_exactmetrics_skip_tracking":false,"_exactmetrics_sitenote_active":false,"_exactmetrics_sitenote_note":"","_exactmetrics_sitenote_category":0,"footnotes":""},"categories":[12],"tags":[],"class_list":["post-4684","post","type-post","status-publish","format-standard","hentry","category-lettre-s"],"acf":[],"_links":{"self":[{"href":"https:\/\/www.lesmaconsdelacreuse.fr\/annuaires\/wp-json\/wp\/v2\/posts\/4684","targetHints":{"allow":["GET"]}}],"collection":[{"href":"https:\/\/www.lesmaconsdelacreuse.fr\/annuaires\/wp-json\/wp\/v2\/posts"}],"about":[{"href":"https:\/\/www.lesmaconsdelacreuse.fr\/annuaires\/wp-json\/wp\/v2\/types\/post"}],"author":[{"embeddable":true,"href":"https:\/\/www.lesmaconsdelacreuse.fr\/annuaires\/wp-json\/wp\/v2\/users\/2"}],"replies":[{"embeddable":true,"href":"https:\/\/www.lesmaconsdelacreuse.fr\/annuaires\/wp-json\/wp\/v2\/comments?post=4684"}],"version-history":[{"count":0,"href":"https:\/\/www.lesmaconsdelacreuse.fr\/annuaires\/wp-json\/wp\/v2\/posts\/4684\/revisions"}],"wp:attachment":[{"href":"https:\/\/www.lesmaconsdelacreuse.fr\/annuaires\/wp-json\/wp\/v2\/media?parent=4684"}],"wp:term":[{"taxonomy":"category","embeddable":true,"href":"https:\/\/www.lesmaconsdelacreuse.fr\/annuaires\/wp-json\/wp\/v2\/categories?post=4684"},{"taxonomy":"post_tag","embeddable":true,"href":"https:\/\/www.lesmaconsdelacreuse.fr\/annuaires\/wp-json\/wp\/v2\/tags?post=4684"}],"curies":[{"name":"wp","href":"https:\/\/api.w.org\/{rel}","templated":true}]}}