{"id":4689,"date":"2019-07-28T12:11:07","date_gmt":"2019-07-28T10:11:07","guid":{"rendered":"http:\/\/lesmaconsdelacreuse.fr\/annuaire\/?p=4689"},"modified":"2022-06-08T10:38:20","modified_gmt":"2022-06-08T08:38:20","slug":"s_162","status":"publish","type":"post","link":"https:\/\/www.lesmaconsdelacreuse.fr\/annuaires\/lettre-s\/s_162\/","title":{"rendered":"SAUVANAUD Auguste Marcelin (1887-apr\u00e8s 1930)"},"content":{"rendered":"<p class=\"last-updated\"><strong>Mis \u00e0 jour le :<\/strong> 30\/04\/2026<\/p><h2 style=\"text-align: center;\"><strong>Auguste Marcelin SAUVANAUD<\/strong><\/h2>\n<p style=\"text-align: center;\"><strong>1887 \u2013 apr\u00e8s 1930<\/strong><\/p>\n<p><a href=\"https:\/\/www.lesmaconsdelacreuse.fr\/annuaires\/wp-content\/uploads\/2019\/07\/SAUVANAUD-Auguste-Marcelin-1887.jpg\"><img loading=\"lazy\" decoding=\"async\" class=\"size-full wp-image-200215 aligncenter\" src=\"https:\/\/www.lesmaconsdelacreuse.fr\/annuaires\/wp-content\/uploads\/2019\/07\/SAUVANAUD-Auguste-Marcelin-1887.jpg\" alt=\"\" width=\"162\" height=\"41\" srcset=\"https:\/\/www.lesmaconsdelacreuse.fr\/annuaires\/wp-content\/uploads\/2019\/07\/SAUVANAUD-Auguste-Marcelin-1887.jpg 162w, https:\/\/www.lesmaconsdelacreuse.fr\/annuaires\/wp-content\/uploads\/2019\/07\/SAUVANAUD-Auguste-Marcelin-1887-16x4.jpg 16w, https:\/\/www.lesmaconsdelacreuse.fr\/annuaires\/wp-content\/uploads\/2019\/07\/SAUVANAUD-Auguste-Marcelin-1887-150x38.jpg 150w\" sizes=\"auto, (max-width: 162px) 100vw, 162px\" \/><\/a><\/p>\n<h4 style=\"text-align: center;\"><span style=\"color: #008000;\"><strong>ma\u00e7on<\/strong><\/span><\/h4>\n<p style=\"text-align: center;\">n\u00e9 au Gu\u00e9-Chaumeix (Le Monteil-au-Vicomte)<\/p>\n<p style=\"text-align: center;\">le 20 d\u00e9cembre 1887<\/p>\n<p style=\"text-align: center;\">fils de<\/p>\n<p style=\"text-align: center;\">Jean-Baptiste SAUVANAUD, <span style=\"color: #008000;\"><strong>ma\u00e7on<\/strong>,<\/span> sabotier et meunier<\/p>\n<p style=\"text-align: center;\">Marthe \u00c9milie RADIGON<\/p>\n<p style=\"text-align: center;\">propri\u00e9taires cultivateurs<\/p>\n<p style=\"text-align: center;\"><span style=\"color: #ffffff;\">\u25d9<\/span><\/p>\n<p><strong>En 1908<\/strong><em>, Auguste travaille \u00e0 <\/em><span style=\"color: #0000ff;\"><strong>Paris (75)<\/strong><\/span><em> et y passe le conseil de r\u00e9vision.<\/em><\/p>\n<p><em>Il loge\u00a0:<\/em><\/p>\n<p><strong>en 1911<\/strong><em>, 49, rue Descartes, dans le 5e\u00a0arrondissement\u00a0;<\/em><\/p>\n<p><strong>en 1912<\/strong><em>, 2, rue Fran\u00e7ois Miron, dans le 4e\u00a0arrondissement\u00a0;<\/em><\/p>\n<p><strong>en 1913<\/strong><em>, 25, rue du Petit Musc\u00a0;<\/em><\/p>\n<p><strong>en 1914<\/strong><em>, 50, avenue de Ch\u00e2tillon.<\/em><\/p>\n<p><em> Il \u00e9pouse Ang\u00e8le <\/em><strong>AUTEXIER<\/strong><em>, native d&rsquo;Angoul\u00eame,<\/em><em> le 24 janvier <\/em><strong>1914<\/strong> <em>\u00e0 Paris 14e (mari\u00e9s sans contrat).<\/em><\/p>\n<p><strong>En 1930<\/strong><em>, ils habitent toujours Paris.<\/em><\/p>\n","protected":false},"excerpt":{"rendered":"<p>Mis \u00e0 jour le : 30\/04\/2026Auguste Marcelin SAUVANAUD 1887 \u2013 apr\u00e8s 1930 ma\u00e7on n\u00e9 au Gu\u00e9-Chaumeix (Le Monteil-au-Vicomte) le 20 d\u00e9cembre 1887 fils de Jean-Baptiste SAUVANAUD, ma\u00e7on, sabotier et meunier Marthe \u00c9milie RADIGON propri\u00e9taires cultivateurs \u25d9 En 1908, Auguste travaille \u00e0 Paris (75) et y passe le conseil de r\u00e9vision. Il loge\u00a0: en 1911, 49, ..<\/p>\n<div class=\"clear-fix\"><\/div>\n<p><a href=\"https:\/\/www.lesmaconsdelacreuse.fr\/annuaires\/lettre-s\/s_162\/\" title=\"Lire la suite...\">Lire la suite<\/a><\/p>\n","protected":false},"author":2,"featured_media":0,"comment_status":"closed","ping_status":"closed","sticky":false,"template":"","format":"standard","meta":{"_acf_changed":false,"_exactmetrics_skip_tracking":false,"_exactmetrics_sitenote_active":false,"_exactmetrics_sitenote_note":"","_exactmetrics_sitenote_category":0,"footnotes":""},"categories":[12],"tags":[],"class_list":["post-4689","post","type-post","status-publish","format-standard","hentry","category-lettre-s"],"acf":[],"_links":{"self":[{"href":"https:\/\/www.lesmaconsdelacreuse.fr\/annuaires\/wp-json\/wp\/v2\/posts\/4689","targetHints":{"allow":["GET"]}}],"collection":[{"href":"https:\/\/www.lesmaconsdelacreuse.fr\/annuaires\/wp-json\/wp\/v2\/posts"}],"about":[{"href":"https:\/\/www.lesmaconsdelacreuse.fr\/annuaires\/wp-json\/wp\/v2\/types\/post"}],"author":[{"embeddable":true,"href":"https:\/\/www.lesmaconsdelacreuse.fr\/annuaires\/wp-json\/wp\/v2\/users\/2"}],"replies":[{"embeddable":true,"href":"https:\/\/www.lesmaconsdelacreuse.fr\/annuaires\/wp-json\/wp\/v2\/comments?post=4689"}],"version-history":[{"count":2,"href":"https:\/\/www.lesmaconsdelacreuse.fr\/annuaires\/wp-json\/wp\/v2\/posts\/4689\/revisions"}],"predecessor-version":[{"id":200216,"href":"https:\/\/www.lesmaconsdelacreuse.fr\/annuaires\/wp-json\/wp\/v2\/posts\/4689\/revisions\/200216"}],"wp:attachment":[{"href":"https:\/\/www.lesmaconsdelacreuse.fr\/annuaires\/wp-json\/wp\/v2\/media?parent=4689"}],"wp:term":[{"taxonomy":"category","embeddable":true,"href":"https:\/\/www.lesmaconsdelacreuse.fr\/annuaires\/wp-json\/wp\/v2\/categories?post=4689"},{"taxonomy":"post_tag","embeddable":true,"href":"https:\/\/www.lesmaconsdelacreuse.fr\/annuaires\/wp-json\/wp\/v2\/tags?post=4689"}],"curies":[{"name":"wp","href":"https:\/\/api.w.org\/{rel}","templated":true}]}}