{"id":4694,"date":"2019-07-28T12:11:07","date_gmt":"2019-07-28T10:11:07","guid":{"rendered":"http:\/\/lesmaconsdelacreuse.fr\/annuaire\/?p=4694"},"modified":"2022-06-08T10:41:23","modified_gmt":"2022-06-08T08:41:23","slug":"s_165","status":"publish","type":"post","link":"https:\/\/www.lesmaconsdelacreuse.fr\/annuaires\/lettre-s\/s_165\/","title":{"rendered":"SAUVANAUD \u00c9mile Louis Camille (1891-1917)"},"content":{"rendered":"<p class=\"last-updated\"><strong>Mis \u00e0 jour le :<\/strong> 30\/04\/2026<\/p><h2 style=\"text-align: center;\"><strong>\u00c9mile Louis Camille SAUVANAUD<\/strong><\/h2>\n<p style=\"text-align: center;\"><strong>\u00c9mile SAUVANAUD<\/strong><\/p>\n<p style=\"text-align: center;\"><strong>1891 \u2013 1917<\/strong><\/p>\n<p><a href=\"https:\/\/www.lesmaconsdelacreuse.fr\/annuaires\/wp-content\/uploads\/2019\/07\/SAUVANUD-Emile-Louis-Camille-1891.jpg\"><img loading=\"lazy\" decoding=\"async\" class=\"size-full wp-image-200221 aligncenter\" src=\"https:\/\/www.lesmaconsdelacreuse.fr\/annuaires\/wp-content\/uploads\/2019\/07\/SAUVANUD-Emile-Louis-Camille-1891.jpg\" alt=\"\" width=\"132\" height=\"44\" srcset=\"https:\/\/www.lesmaconsdelacreuse.fr\/annuaires\/wp-content\/uploads\/2019\/07\/SAUVANUD-Emile-Louis-Camille-1891.jpg 132w, https:\/\/www.lesmaconsdelacreuse.fr\/annuaires\/wp-content\/uploads\/2019\/07\/SAUVANUD-Emile-Louis-Camille-1891-16x5.jpg 16w\" sizes=\"auto, (max-width: 132px) 100vw, 132px\" \/><\/a><\/p>\n<h4 style=\"text-align: center;\"><strong>\u25ba <a href=\"https:\/\/www.lesmaconsdelacreuse.fr\/annuaires\/wp-content\/uploads\/2019\/07\/MAITRE-COMPAGNON.png\" target=\"_blank\" rel=\"noopener noreferrer\"><span style=\"color: #008000;\">ma\u00eetre compagnon<\/span>\u00a0<\/a><\/strong><strong><span style=\"color: #008000;\">ma\u00e7on<\/span><\/strong><\/h4>\n<p>&nbsp;<\/p>\n<p style=\"text-align: center;\">n\u00e9 au bourg du Monteil-au-Vicomte<\/p>\n<p style=\"text-align: center;\">le 2 juin 1891<\/p>\n<p style=\"text-align: center;\">fils de<\/p>\n<p style=\"text-align: center;\">Joseph SAUVANAUD, <span style=\"color: #008000;\"><strong>entrepreneur de ma\u00e7onnerie<\/strong><\/span> et teinturier<\/p>\n<p style=\"text-align: center;\">Alice H\u00e9l\u00e8ne Fran\u00e7oise H\u00c9RAUD, cultivatrice<\/p>\n<p style=\"text-align: center;\"><span style=\"color: #ffffff;\">\u25d9<\/span><\/p>\n<p><strong>En 1915<\/strong><em>, \u00c9mile, <\/em><span style=\"color: #008000;\"><strong>ma\u00eetre<\/strong><strong> compagnon<\/strong><\/span><em>, travaille \u00e0 <\/em><span style=\"color: #0000ff;\"><strong>Paris (75)<\/strong><\/span><em>, logeant 200 bis, rue de Vannes, 14<sup>e<\/sup> arrondissement.<\/em><\/p>\n<p><em>\u00a0<\/em><em>Le 27 avril de la m\u00eame ann\u00e9e, il \u00a0\u00e9pouse Henriette Julie <\/em><strong>RODDE<\/strong> <em>au 14<sup>e<\/sup> (mari\u00e9s sans contrat).<\/em><\/p>\n<p><em>Ils\u00a0 habitent \u00e0 l\u2019adresse de 1915.<\/em><\/p>\n<p><em>\u00a0<\/em><em>R\u00e9form\u00e9, \u00c9mile y d\u00e9c\u00e8de, le 27 mai de la m\u00eame ann\u00e9e, \u00e2g\u00e9 de 25 ans.<\/em><\/p>\n<p>&nbsp;<\/p>\n","protected":false},"excerpt":{"rendered":"<p>Mis \u00e0 jour le : 30\/04\/2026\u00c9mile Louis Camille SAUVANAUD \u00c9mile SAUVANAUD 1891 \u2013 1917 \u25ba ma\u00eetre compagnon\u00a0ma\u00e7on &nbsp; n\u00e9 au bourg du Monteil-au-Vicomte le 2 juin 1891 fils de Joseph SAUVANAUD, entrepreneur de ma\u00e7onnerie et teinturier Alice H\u00e9l\u00e8ne Fran\u00e7oise H\u00c9RAUD, cultivatrice \u25d9 En 1915, \u00c9mile, ma\u00eetre compagnon, travaille \u00e0 Paris (75), logeant 200 bis, rue ..<\/p>\n<div class=\"clear-fix\"><\/div>\n<p><a href=\"https:\/\/www.lesmaconsdelacreuse.fr\/annuaires\/lettre-s\/s_165\/\" title=\"Lire la suite...\">Lire la suite<\/a><\/p>\n","protected":false},"author":2,"featured_media":0,"comment_status":"closed","ping_status":"closed","sticky":false,"template":"","format":"standard","meta":{"_acf_changed":false,"_exactmetrics_skip_tracking":false,"_exactmetrics_sitenote_active":false,"_exactmetrics_sitenote_note":"","_exactmetrics_sitenote_category":0,"footnotes":""},"categories":[12],"tags":[],"class_list":["post-4694","post","type-post","status-publish","format-standard","hentry","category-lettre-s"],"acf":[],"_links":{"self":[{"href":"https:\/\/www.lesmaconsdelacreuse.fr\/annuaires\/wp-json\/wp\/v2\/posts\/4694","targetHints":{"allow":["GET"]}}],"collection":[{"href":"https:\/\/www.lesmaconsdelacreuse.fr\/annuaires\/wp-json\/wp\/v2\/posts"}],"about":[{"href":"https:\/\/www.lesmaconsdelacreuse.fr\/annuaires\/wp-json\/wp\/v2\/types\/post"}],"author":[{"embeddable":true,"href":"https:\/\/www.lesmaconsdelacreuse.fr\/annuaires\/wp-json\/wp\/v2\/users\/2"}],"replies":[{"embeddable":true,"href":"https:\/\/www.lesmaconsdelacreuse.fr\/annuaires\/wp-json\/wp\/v2\/comments?post=4694"}],"version-history":[{"count":3,"href":"https:\/\/www.lesmaconsdelacreuse.fr\/annuaires\/wp-json\/wp\/v2\/posts\/4694\/revisions"}],"predecessor-version":[{"id":200222,"href":"https:\/\/www.lesmaconsdelacreuse.fr\/annuaires\/wp-json\/wp\/v2\/posts\/4694\/revisions\/200222"}],"wp:attachment":[{"href":"https:\/\/www.lesmaconsdelacreuse.fr\/annuaires\/wp-json\/wp\/v2\/media?parent=4694"}],"wp:term":[{"taxonomy":"category","embeddable":true,"href":"https:\/\/www.lesmaconsdelacreuse.fr\/annuaires\/wp-json\/wp\/v2\/categories?post=4694"},{"taxonomy":"post_tag","embeddable":true,"href":"https:\/\/www.lesmaconsdelacreuse.fr\/annuaires\/wp-json\/wp\/v2\/tags?post=4694"}],"curies":[{"name":"wp","href":"https:\/\/api.w.org\/{rel}","templated":true}]}}