{"id":4695,"date":"2019-07-28T12:11:06","date_gmt":"2019-07-28T10:11:06","guid":{"rendered":"http:\/\/lesmaconsdelacreuse.fr\/annuaire\/?p=4695"},"modified":"2020-01-20T11:30:08","modified_gmt":"2020-01-20T10:30:08","slug":"s_181","status":"publish","type":"post","link":"https:\/\/www.lesmaconsdelacreuse.fr\/annuaires\/lettre-s\/s_181\/","title":{"rendered":"SAUVANAUD Jacques (vers 1794-1817)"},"content":{"rendered":"<p class=\"last-updated\"><strong>Mis \u00e0 jour le :<\/strong> 30\/04\/2026<\/p><h2 style=\"text-align: center;\"><strong>Jacques SAUVANAUD<\/strong><\/h2>\n<p style=\"text-align: center;\"><strong>vers 1794 \u2013 1817<\/strong><\/p>\n<h4 style=\"text-align: center;\"><span style=\"color: #008000;\"><strong>ma\u00e7on<\/strong><\/span><\/h4>\n<p style=\"text-align: center;\">n\u00e9 au Monteil-au-Vicomte\u00a0?<\/p>\n<p style=\"text-align: center;\">vers 1794<\/p>\n<p style=\"text-align: center;\">fils de<\/p>\n<p style=\"text-align: center;\">Gabriel SAUVANAUD, <span style=\"color: #008000;\"><strong>ma\u00e7on \/ <\/strong><\/span>Marguerite LAVERGNE<\/p>\n<p style=\"text-align: center;\"><span style=\"color: #ffffff;\">\u25d9<\/span><\/p>\n<p><strong>Avant 1814<\/strong><em>, Jacques \u00e9pouse Fran\u00e7oise <\/em><strong>LAGRANGE <\/strong><em>. Le couple habite le bourg du Monteil. <\/em><\/p>\n<p><em>Jacques d\u00e9c\u00e8de le 20 ao\u00fbt <\/em><strong>1817<\/strong><em> \u00e0 l\u2019H\u00f4pital des Malades de <\/em><span style=\"color: #0000ff;\"><strong>Lyon (69)<\/strong><\/span><em>, \u00ab\u00a0ma\u00e7on arrivant\u00a0\u00bb (donc sans adresse \u00e0 Lyon), \u00e2g\u00e9 de 23 ans. <\/em><\/p>\n<p><em>En 1840, sa veuve habite toujours Le Monteil\u00a0; elle est teinturi\u00e8re. Elle y d\u00e9c\u00e8de le 11 ao\u00fbt 1855, \u00e2g\u00e9e de 72 ans environ. <\/em><\/p>\n","protected":false},"excerpt":{"rendered":"<p>Mis \u00e0 jour le : 30\/04\/2026Jacques SAUVANAUD vers 1794 \u2013 1817 ma\u00e7on n\u00e9 au Monteil-au-Vicomte\u00a0? vers 1794 fils de Gabriel SAUVANAUD, ma\u00e7on \/ Marguerite LAVERGNE \u25d9 Avant 1814, Jacques \u00e9pouse Fran\u00e7oise LAGRANGE . Le couple habite le bourg du Monteil. Jacques d\u00e9c\u00e8de le 20 ao\u00fbt 1817 \u00e0 l\u2019H\u00f4pital des Malades de Lyon (69), \u00ab\u00a0ma\u00e7on arrivant\u00a0\u00bb ..<\/p>\n<div class=\"clear-fix\"><\/div>\n<p><a href=\"https:\/\/www.lesmaconsdelacreuse.fr\/annuaires\/lettre-s\/s_181\/\" title=\"Lire la suite...\">Lire la suite<\/a><\/p>\n","protected":false},"author":2,"featured_media":0,"comment_status":"closed","ping_status":"closed","sticky":false,"template":"","format":"standard","meta":{"_acf_changed":false,"_exactmetrics_skip_tracking":false,"_exactmetrics_sitenote_active":false,"_exactmetrics_sitenote_note":"","_exactmetrics_sitenote_category":0,"footnotes":""},"categories":[12],"tags":[],"class_list":["post-4695","post","type-post","status-publish","format-standard","hentry","category-lettre-s"],"acf":[],"_links":{"self":[{"href":"https:\/\/www.lesmaconsdelacreuse.fr\/annuaires\/wp-json\/wp\/v2\/posts\/4695","targetHints":{"allow":["GET"]}}],"collection":[{"href":"https:\/\/www.lesmaconsdelacreuse.fr\/annuaires\/wp-json\/wp\/v2\/posts"}],"about":[{"href":"https:\/\/www.lesmaconsdelacreuse.fr\/annuaires\/wp-json\/wp\/v2\/types\/post"}],"author":[{"embeddable":true,"href":"https:\/\/www.lesmaconsdelacreuse.fr\/annuaires\/wp-json\/wp\/v2\/users\/2"}],"replies":[{"embeddable":true,"href":"https:\/\/www.lesmaconsdelacreuse.fr\/annuaires\/wp-json\/wp\/v2\/comments?post=4695"}],"version-history":[{"count":0,"href":"https:\/\/www.lesmaconsdelacreuse.fr\/annuaires\/wp-json\/wp\/v2\/posts\/4695\/revisions"}],"wp:attachment":[{"href":"https:\/\/www.lesmaconsdelacreuse.fr\/annuaires\/wp-json\/wp\/v2\/media?parent=4695"}],"wp:term":[{"taxonomy":"category","embeddable":true,"href":"https:\/\/www.lesmaconsdelacreuse.fr\/annuaires\/wp-json\/wp\/v2\/categories?post=4695"},{"taxonomy":"post_tag","embeddable":true,"href":"https:\/\/www.lesmaconsdelacreuse.fr\/annuaires\/wp-json\/wp\/v2\/tags?post=4695"}],"curies":[{"name":"wp","href":"https:\/\/api.w.org\/{rel}","templated":true}]}}