{"id":4698,"date":"2019-07-28T12:11:06","date_gmt":"2019-07-28T10:11:06","guid":{"rendered":"http:\/\/lesmaconsdelacreuse.fr\/annuaire\/?p=4698"},"modified":"2020-01-20T11:30:08","modified_gmt":"2020-01-20T10:30:08","slug":"s_150","status":"publish","type":"post","link":"https:\/\/www.lesmaconsdelacreuse.fr\/annuaires\/lettre-s\/s_150\/","title":{"rendered":"SAUTOUR Th\u00e9odore (1848-1890)"},"content":{"rendered":"<p class=\"last-updated\"><strong>Mis \u00e0 jour le :<\/strong> 30\/04\/2026<\/p><h2 style=\"text-align: center;\"><strong>Th\u00e9odore SAUTOUR<\/strong><\/h2>\n<p style=\"text-align: center;\"><strong>1848 \u2013 1890<\/strong><\/p>\n<p style=\"text-align: center;\"><img decoding=\"async\" title=\"\" src=\"https:\/\/lesmaconsdelacreuse.fr\/annuaire\/wp-content\/uploads\/2019\/07\/image1-1037.jpg\" alt=\"\" data-asset-id=\"4697\" data-source-id=\"i.0\" \/><\/p>\n<h4 style=\"text-align: center;\"><span style=\"color: #008000;\"><strong>ma\u00e7on <\/strong>et <strong>propri\u00e9taire cultivateur<\/strong><\/span><\/h4>\n<p style=\"text-align: center;\">n\u00e9 au Leyris (Roy\u00e8re)<\/p>\n<p style=\"text-align: center;\">le 19 d\u00e9cembre 1848<\/p>\n<p style=\"text-align: center;\">fils de<\/p>\n<p style=\"text-align: center;\">L\u00e9onard SAUTOUR, <span style=\"color: #008000;\"><strong>ma\u00e7on \/ <\/strong><\/span>Jeanne CHABROUTY<\/p>\n<p style=\"text-align: center;\">propri\u00e9taires cultivateurs<\/p>\n<p style=\"text-align: center;\"><span style=\"color: #ffffff;\">\u25d9<\/span><\/p>\n<p><em>Th\u00e9odore \u00e9pouse Val\u00e9rie <\/em><strong>MONTEIL<\/strong><em> le 25 janvier <\/em><strong>1874<\/strong><em> \u00e0 Gentioux (contrat Dufour). Ils habitent Le Leyris.<\/em><\/p>\n<p><em> Ils y d\u00e9c\u00e8dent\u00a0:<\/em><\/p>\n<ul>\n<li><em>Th\u00e9odore, le 21 juin <\/em><strong>1890<\/strong><em>, \u00e2g\u00e9 de 41 ans, apr\u00e8s avoir test\u00e9 le 18 devant Me Toumieux de Roy\u00e8re<\/em><\/li>\n<li><em>Val\u00e9rie, le 15 septembre <\/em><strong>1928<\/strong><em>, \u00e2g\u00e9e de 78 ans<\/em><\/li>\n<\/ul>\n","protected":false},"excerpt":{"rendered":"<p>Mis \u00e0 jour le : 30\/04\/2026Th\u00e9odore SAUTOUR 1848 \u2013 1890 ma\u00e7on et propri\u00e9taire cultivateur n\u00e9 au Leyris (Roy\u00e8re) le 19 d\u00e9cembre 1848 fils de L\u00e9onard SAUTOUR, ma\u00e7on \/ Jeanne CHABROUTY propri\u00e9taires cultivateurs \u25d9 Th\u00e9odore \u00e9pouse Val\u00e9rie MONTEIL le 25 janvier 1874 \u00e0 Gentioux (contrat Dufour). Ils habitent Le Leyris. Ils y d\u00e9c\u00e8dent\u00a0: Th\u00e9odore, le 21 ..<\/p>\n<div class=\"clear-fix\"><\/div>\n<p><a href=\"https:\/\/www.lesmaconsdelacreuse.fr\/annuaires\/lettre-s\/s_150\/\" title=\"Lire la suite...\">Lire la suite<\/a><\/p>\n","protected":false},"author":2,"featured_media":0,"comment_status":"closed","ping_status":"closed","sticky":false,"template":"","format":"standard","meta":{"_acf_changed":false,"_exactmetrics_skip_tracking":false,"_exactmetrics_sitenote_active":false,"_exactmetrics_sitenote_note":"","_exactmetrics_sitenote_category":0,"footnotes":""},"categories":[12],"tags":[],"class_list":["post-4698","post","type-post","status-publish","format-standard","hentry","category-lettre-s"],"acf":[],"_links":{"self":[{"href":"https:\/\/www.lesmaconsdelacreuse.fr\/annuaires\/wp-json\/wp\/v2\/posts\/4698","targetHints":{"allow":["GET"]}}],"collection":[{"href":"https:\/\/www.lesmaconsdelacreuse.fr\/annuaires\/wp-json\/wp\/v2\/posts"}],"about":[{"href":"https:\/\/www.lesmaconsdelacreuse.fr\/annuaires\/wp-json\/wp\/v2\/types\/post"}],"author":[{"embeddable":true,"href":"https:\/\/www.lesmaconsdelacreuse.fr\/annuaires\/wp-json\/wp\/v2\/users\/2"}],"replies":[{"embeddable":true,"href":"https:\/\/www.lesmaconsdelacreuse.fr\/annuaires\/wp-json\/wp\/v2\/comments?post=4698"}],"version-history":[{"count":0,"href":"https:\/\/www.lesmaconsdelacreuse.fr\/annuaires\/wp-json\/wp\/v2\/posts\/4698\/revisions"}],"wp:attachment":[{"href":"https:\/\/www.lesmaconsdelacreuse.fr\/annuaires\/wp-json\/wp\/v2\/media?parent=4698"}],"wp:term":[{"taxonomy":"category","embeddable":true,"href":"https:\/\/www.lesmaconsdelacreuse.fr\/annuaires\/wp-json\/wp\/v2\/categories?post=4698"},{"taxonomy":"post_tag","embeddable":true,"href":"https:\/\/www.lesmaconsdelacreuse.fr\/annuaires\/wp-json\/wp\/v2\/tags?post=4698"}],"curies":[{"name":"wp","href":"https:\/\/api.w.org\/{rel}","templated":true}]}}