{"id":4715,"date":"2019-07-28T12:11:05","date_gmt":"2019-07-28T10:11:05","guid":{"rendered":"http:\/\/lesmaconsdelacreuse.fr\/annuaire\/?p=4715"},"modified":"2020-10-04T14:46:34","modified_gmt":"2020-10-04T12:46:34","slug":"s_127","status":"publish","type":"post","link":"https:\/\/www.lesmaconsdelacreuse.fr\/annuaires\/lettre-s\/s_127\/","title":{"rendered":"SAUTOUR Jean Auguste (1867-1901)"},"content":{"rendered":"<p class=\"last-updated\"><strong>Mis \u00e0 jour le :<\/strong> 30\/04\/2026<\/p><h2 style=\"text-align: center;\"><strong>Jean Auguste SAUTOUR<\/strong><\/h2>\n<p style=\"text-align: center;\"><strong>1867 \u2013 1901<\/strong><\/p>\n<p style=\"text-align: center;\"><img decoding=\"async\" title=\"\" src=\"https:\/\/lesmaconsdelacreuse.fr\/annuaire\/wp-content\/uploads\/2019\/07\/image1-1044.jpg\" alt=\"\" data-asset-id=\"4714\" data-source-id=\"i.0\" \/><\/p>\n<h4 style=\"text-align: center;\"><span style=\"color: #008000;\"><strong>ma\u00e7on<\/strong> et\u00a0<strong><em>\u25ba<a href=\"https:\/\/www.lesmaconsdelacreuse.fr\/annuaires\/wp-content\/uploads\/2020\/07\/FUMISTE.png\" target=\"_blank\" rel=\"noopener noreferrer\"><span style=\"color: #008000;\">fumiste<\/span><\/a><\/em><\/strong><\/span><\/h4>\n<p>&nbsp;<\/p>\n<p style=\"text-align: center;\">n\u00e9 \u00e0 Larfouill\u00e8re (Le Monteil-au-Vicomte)<\/p>\n<p style=\"text-align: center;\">le 18 septembre 1867<\/p>\n<p style=\"text-align: center;\">fils de<\/p>\n<p style=\"text-align: center;\">Jean SAUTOUR, <span style=\"color: #008000;\"><strong>ma\u00e7on<\/strong><\/span><\/p>\n<p style=\"text-align: center;\">Fran\u00e7oise Rosalie VERGNE, cultivatrice<\/p>\n<p style=\"text-align: center;\"><span style=\"color: #ffffff;\">\u25d9<\/span><\/p>\n<p><strong>En 1888<\/strong><em>, Jean, <\/em><strong><span style=\"color: #008000;\">ma\u00e7on<\/span>,<\/strong><em> est dispens\u00e9 de service militaire ayant un fr\u00e8re sous les drapeaux.<\/em><\/p>\n<p><span style=\"color: #008000;\"><strong>Fumiste<\/strong><\/span><em>, il \u00e9pouse Marie <\/em><strong>RENARD<\/strong><em> le 2 mars <\/em><strong>1889<\/strong><em> au Monteil (mari\u00e9s sans contrat). Le couple vit \u00e0 Larfouill\u00e8re. <\/em><\/p>\n<p><em>La m\u00eame ann\u00e9e, Jean Auguste travaille \u00e0 <\/em><span style=\"color: #0000ff;\"><strong>Paris (75) <\/strong><\/span><em>et loge 30, rue des Carmes; <\/em><\/p>\n<p><strong>en 1891<\/strong><em>, 31, rue Mouffetard.\u00a0;<\/em><\/p>\n<p><strong>en 1892<\/strong><em>, 30, m\u00eame rue, puis 13, rue Saint-M\u00e9dard, dans le 5e arrondissement.<\/em><\/p>\n<p><em>Il d\u00e9c\u00e8de <\/em><span style=\"color: #008000;\"><strong>ma\u00e7on<\/strong><\/span><em> le 1er mai <\/em><strong>1901<\/strong><em> \u00e0 cette derni\u00e8re adresse, \u00e2g\u00e9 de 33 ans.<\/em><\/p>\n<p>&nbsp;<\/p>\n","protected":false},"excerpt":{"rendered":"<p>Mis \u00e0 jour le : 30\/04\/2026Jean Auguste SAUTOUR 1867 \u2013 1901 ma\u00e7on et\u00a0\u25bafumiste &nbsp; n\u00e9 \u00e0 Larfouill\u00e8re (Le Monteil-au-Vicomte) le 18 septembre 1867 fils de Jean SAUTOUR, ma\u00e7on Fran\u00e7oise Rosalie VERGNE, cultivatrice \u25d9 En 1888, Jean, ma\u00e7on, est dispens\u00e9 de service militaire ayant un fr\u00e8re sous les drapeaux. Fumiste, il \u00e9pouse Marie RENARD le 2 ..<\/p>\n<div class=\"clear-fix\"><\/div>\n<p><a href=\"https:\/\/www.lesmaconsdelacreuse.fr\/annuaires\/lettre-s\/s_127\/\" title=\"Lire la suite...\">Lire la suite<\/a><\/p>\n","protected":false},"author":2,"featured_media":0,"comment_status":"closed","ping_status":"closed","sticky":false,"template":"","format":"standard","meta":{"_acf_changed":false,"_exactmetrics_skip_tracking":false,"_exactmetrics_sitenote_active":false,"_exactmetrics_sitenote_note":"","_exactmetrics_sitenote_category":0,"footnotes":""},"categories":[12],"tags":[],"class_list":["post-4715","post","type-post","status-publish","format-standard","hentry","category-lettre-s"],"acf":[],"_links":{"self":[{"href":"https:\/\/www.lesmaconsdelacreuse.fr\/annuaires\/wp-json\/wp\/v2\/posts\/4715","targetHints":{"allow":["GET"]}}],"collection":[{"href":"https:\/\/www.lesmaconsdelacreuse.fr\/annuaires\/wp-json\/wp\/v2\/posts"}],"about":[{"href":"https:\/\/www.lesmaconsdelacreuse.fr\/annuaires\/wp-json\/wp\/v2\/types\/post"}],"author":[{"embeddable":true,"href":"https:\/\/www.lesmaconsdelacreuse.fr\/annuaires\/wp-json\/wp\/v2\/users\/2"}],"replies":[{"embeddable":true,"href":"https:\/\/www.lesmaconsdelacreuse.fr\/annuaires\/wp-json\/wp\/v2\/comments?post=4715"}],"version-history":[{"count":0,"href":"https:\/\/www.lesmaconsdelacreuse.fr\/annuaires\/wp-json\/wp\/v2\/posts\/4715\/revisions"}],"wp:attachment":[{"href":"https:\/\/www.lesmaconsdelacreuse.fr\/annuaires\/wp-json\/wp\/v2\/media?parent=4715"}],"wp:term":[{"taxonomy":"category","embeddable":true,"href":"https:\/\/www.lesmaconsdelacreuse.fr\/annuaires\/wp-json\/wp\/v2\/categories?post=4715"},{"taxonomy":"post_tag","embeddable":true,"href":"https:\/\/www.lesmaconsdelacreuse.fr\/annuaires\/wp-json\/wp\/v2\/tags?post=4715"}],"curies":[{"name":"wp","href":"https:\/\/api.w.org\/{rel}","templated":true}]}}