{"id":4724,"date":"2019-07-28T12:11:04","date_gmt":"2019-07-28T10:11:04","guid":{"rendered":"http:\/\/lesmaconsdelacreuse.fr\/annuaire\/?p=4724"},"modified":"2020-10-04T15:56:54","modified_gmt":"2020-10-04T13:56:54","slug":"s_115","status":"publish","type":"post","link":"https:\/\/www.lesmaconsdelacreuse.fr\/annuaires\/lettre-s\/s_115\/","title":{"rendered":"SAUTOUR \u00c9mile Fran\u00e7ois (1884-1928)"},"content":{"rendered":"<p class=\"last-updated\"><strong>Mis \u00e0 jour le :<\/strong> 30\/04\/2026<\/p><h2 style=\"text-align: center;\"><strong>\u00c9mile Fran\u00e7ois SAUTOUR<\/strong><\/h2>\n<p style=\"text-align: center;\"><strong>Fran\u00e7ois SAUTOUR\u00a0\/ \u00c9mile SAUTOUR<\/strong><\/p>\n<p style=\"text-align: center;\"><strong>1884 \u2013 1928<\/strong><\/p>\n<p style=\"text-align: center;\"><img decoding=\"async\" title=\"\" src=\"https:\/\/lesmaconsdelacreuse.fr\/annuaire\/wp-content\/uploads\/2019\/07\/image1-1047.jpg\" alt=\"\" data-asset-id=\"4723\" data-source-id=\"i.0\" \/><\/p>\n<h4 style=\"text-align: center;\"><span style=\"color: #008000;\"><strong>entrepreneur de ma\u00e7onnerie <\/strong>et <strong>de \u25ba<a href=\"https:\/\/www.lesmaconsdelacreuse.fr\/annuaires\/wp-content\/uploads\/2020\/08\/TRAVAUX-PUBLICS-1.png\"><span style=\"color: #008000;\">travaux publics<\/span><\/a><br \/>\n<\/strong><\/span><\/h4>\n<p>&nbsp;<\/p>\n<p style=\"text-align: center;\">n\u00e9 au Picq (Roy\u00e8re)<\/p>\n<p style=\"text-align: center;\">le 18 octobre 1884<\/p>\n<p style=\"text-align: center;\">fils de<\/p>\n<p style=\"text-align: center;\">Baptiste SAUTOUR, <span style=\"color: #008000;\"><strong>ma\u00e7on<\/strong><\/span> et\u00a0<strong><em>\u25ba<a href=\"https:\/\/www.lesmaconsdelacreuse.fr\/annuaires\/wp-content\/uploads\/2020\/07\/FUMISTE.png\" target=\"_blank\" rel=\"noopener noreferrer\"><span style=\"color: #008000;\">fumiste<\/span><\/a><\/em><\/strong><\/p>\n<p style=\"text-align: center;\">Marie LESTRADE, cultivatrice<\/p>\n<p style=\"text-align: center;\"><span style=\"color: #ffffff;\">\u25d9<\/span><\/p>\n<p><strong>En 1905,<\/strong> <em>lors du conseil de r\u00e9vision<\/em>, \u25ba<a href=\"https:\/\/www.lesmaconsdelacreuse.fr\/annuaires\/\/wp-content\/uploads\/PHOTOS_-_CARTES_POSTALES\/SAUTOUR_Emile_Francois_.jpg\" target=\"_blank\" rel=\"noopener noreferrer\">Fran\u00e7ois<\/a><em> , <\/em><span style=\"color: #008000;\"><strong>ma\u00e7on<\/strong><\/span><em>, est vers\u00e9 dans le service auxiliaire pour cause de b\u00e9gaiement.<\/em><\/p>\n<p><em>Il \u00e9pouse Germaine <\/em><strong>TROUBAT<\/strong><em> le 27 juillet <\/em><strong>1918<\/strong> <em>\u00e0 <\/em><span style=\"color: #0000ff;\"><strong>Montlu\u00e7on (03)<\/strong><\/span><em>.<\/em><\/p>\n<p><strong>En 1919<\/strong><em>, le couple est \u00e0 <\/em><span style=\"color: #0000ff;\"><strong>Lyon (69)<\/strong><\/span><em> 6e, et habite 123, rue Cuvier\u00a0;<\/em><\/p>\n<p><strong>en 1926<\/strong><em> dans le 4e arrondissement.<\/em><\/p>\n<p><strong>En 1928<\/strong><em>, Fran\u00e7ois est <\/em><span style=\"color: #008000;\"><strong>entrepreneur<\/strong><\/span><em> \u00e0 <\/em><span style=\"color: #0000ff;\"><strong>Villeurbanne (69)<\/strong><\/span><em>, et les \u00e9poux habitent 108,\u25ba <a href=\"https:\/\/www.lesmaconsdelacreuse.fr\/annuaires\/\/wp-content\/uploads\/DOCUMENTS\/SAUTOUR_Emile_Francois_-_carte_de_professionnelle_.jpg\" target=\"_blank\" rel=\"noopener noreferrer\">rue Henri Rolland<\/a>. <\/em><\/p>\n<p><em> Ils d\u00e9c\u00e8dent \u00e0 cette adresse\u00a0:<\/em><\/p>\n<ul>\n<li><em>Fran\u00e7ois, le 14 juillet <\/em><strong>1928<\/strong>, <em>\u00e2g\u00e9 de 43 ans<\/em><\/li>\n<li><em>Germaine, le 9 juin <\/em><strong>1960<\/strong><\/li>\n<\/ul>\n<p>&nbsp;<\/p>\n","protected":false},"excerpt":{"rendered":"<p>Mis \u00e0 jour le : 30\/04\/2026\u00c9mile Fran\u00e7ois SAUTOUR Fran\u00e7ois SAUTOUR\u00a0\/ \u00c9mile SAUTOUR 1884 \u2013 1928 entrepreneur de ma\u00e7onnerie et de \u25batravaux publics &nbsp; n\u00e9 au Picq (Roy\u00e8re) le 18 octobre 1884 fils de Baptiste SAUTOUR, ma\u00e7on et\u00a0\u25bafumiste Marie LESTRADE, cultivatrice \u25d9 En 1905, lors du conseil de r\u00e9vision, \u25baFran\u00e7ois , ma\u00e7on, est vers\u00e9 dans le ..<\/p>\n<div class=\"clear-fix\"><\/div>\n<p><a href=\"https:\/\/www.lesmaconsdelacreuse.fr\/annuaires\/lettre-s\/s_115\/\" title=\"Lire la suite...\">Lire la suite<\/a><\/p>\n","protected":false},"author":2,"featured_media":0,"comment_status":"closed","ping_status":"closed","sticky":false,"template":"","format":"standard","meta":{"_acf_changed":false,"_exactmetrics_skip_tracking":false,"_exactmetrics_sitenote_active":false,"_exactmetrics_sitenote_note":"","_exactmetrics_sitenote_category":0,"footnotes":""},"categories":[12],"tags":[],"class_list":["post-4724","post","type-post","status-publish","format-standard","hentry","category-lettre-s"],"acf":[],"_links":{"self":[{"href":"https:\/\/www.lesmaconsdelacreuse.fr\/annuaires\/wp-json\/wp\/v2\/posts\/4724","targetHints":{"allow":["GET"]}}],"collection":[{"href":"https:\/\/www.lesmaconsdelacreuse.fr\/annuaires\/wp-json\/wp\/v2\/posts"}],"about":[{"href":"https:\/\/www.lesmaconsdelacreuse.fr\/annuaires\/wp-json\/wp\/v2\/types\/post"}],"author":[{"embeddable":true,"href":"https:\/\/www.lesmaconsdelacreuse.fr\/annuaires\/wp-json\/wp\/v2\/users\/2"}],"replies":[{"embeddable":true,"href":"https:\/\/www.lesmaconsdelacreuse.fr\/annuaires\/wp-json\/wp\/v2\/comments?post=4724"}],"version-history":[{"count":0,"href":"https:\/\/www.lesmaconsdelacreuse.fr\/annuaires\/wp-json\/wp\/v2\/posts\/4724\/revisions"}],"wp:attachment":[{"href":"https:\/\/www.lesmaconsdelacreuse.fr\/annuaires\/wp-json\/wp\/v2\/media?parent=4724"}],"wp:term":[{"taxonomy":"category","embeddable":true,"href":"https:\/\/www.lesmaconsdelacreuse.fr\/annuaires\/wp-json\/wp\/v2\/categories?post=4724"},{"taxonomy":"post_tag","embeddable":true,"href":"https:\/\/www.lesmaconsdelacreuse.fr\/annuaires\/wp-json\/wp\/v2\/tags?post=4724"}],"curies":[{"name":"wp","href":"https:\/\/api.w.org\/{rel}","templated":true}]}}