{"id":4729,"date":"2019-07-28T12:11:04","date_gmt":"2019-07-28T10:11:04","guid":{"rendered":"http:\/\/lesmaconsdelacreuse.fr\/annuaire\/?p=4729"},"modified":"2020-10-11T15:12:02","modified_gmt":"2020-10-11T13:12:02","slug":"s_137","status":"publish","type":"post","link":"https:\/\/www.lesmaconsdelacreuse.fr\/annuaires\/lettre-s\/s_137\/","title":{"rendered":"SAUTOUR L\u00e9onard (1796-1877)"},"content":{"rendered":"<p class=\"last-updated\"><strong>Mis \u00e0 jour le :<\/strong> 30\/04\/2026<\/p><h2 style=\"text-align: center;\"><strong>L\u00e9onard SAUTOUR<\/strong><\/h2>\n<p style=\"text-align: center;\"><strong>1796 \u2013 1877<\/strong><\/p>\n<p style=\"text-align: center;\"><img decoding=\"async\" title=\"\" src=\"https:\/\/lesmaconsdelacreuse.fr\/annuaire\/wp-content\/uploads\/2019\/07\/image1-1048.jpg\" alt=\"\" data-asset-id=\"4727\" data-source-id=\"i.0\" \/><\/p>\n<h4 style=\"text-align: center;\"><span style=\"color: #008000;\"><strong>entrepreneur en b\u00e2timents<\/strong> et <strong>cultivateur<\/strong><\/span><\/h4>\n<p>&nbsp;<\/p>\n<p style=\"text-align: center;\">n\u00e9 \u00e0 Masgrangeas (Roy\u00e8re)<\/p>\n<p style=\"text-align: center;\">le 10 prairial an IV (29 mai 1796)<\/p>\n<p style=\"text-align: center;\">fils de<\/p>\n<p style=\"text-align: center;\">Fran\u00e7ois SAUTOUR \/ Louise TOUMIEUX<\/p>\n<p style=\"text-align: center;\">laboureurs et \u25ba<a href=\"https:\/\/www.lesmaconsdelacreuse.fr\/annuaires\/wp-content\/uploads\/2020\/08\/FERMIER-M\u00c9TAYER.png\" target=\"_blank\" rel=\"noopener noreferrer\"><span style=\"color: #000000;\">m\u00e9tayers<\/span><\/a><\/p>\n<p style=\"text-align: center;\"><span style=\"color: #ffffff;\">\u25d9<\/span><\/p>\n<p><em>L\u00e9onard, <\/em><span style=\"color: #008000;\"><strong>ma\u00e7on<\/strong><\/span><em>, \u00e9pouse L\u00e9onarde <\/em><strong>SAUTOUR<\/strong><em>, tailleuse, le 19 f\u00e9vrier <\/em><strong>1826<\/strong><em> \u00e0 Roy\u00e8re (contrat Coutisson).<\/em><\/p>\n<p><em> Ils habitent Masgrangeas o\u00f9 L\u00e9onarde d\u00e9c\u00e8de le 2 novembre <\/em><strong>1835<\/strong><em>, \u00e2g\u00e9e de 46 ans. <\/em><\/p>\n<p><em>L\u00e9onard se remarie le 13 f\u00e9vrier <\/em><strong>1837<\/strong><em> \u00e0 Saint-Marc-\u00e0-Loubaud avec Marguerite <\/em><strong>LEPETIT<\/strong><em> (contrat Toumieux \u00e0 Roy\u00e8re). Le nouveau couple habite aussi Masgrangeas.<\/em><\/p>\n<p><em> Ils testent tous deux le 13 janvier <\/em><strong>1862<\/strong><em> devant Me Toumieux, et L\u00e9onard est <\/em><span style=\"color: #008000;\"><strong>entrepreneur<\/strong><\/span><em>.<\/em><\/p>\n<p><em>Ils d\u00e9c\u00e8dent \u00e0 Masgrangeas\u00a0:<\/em><\/p>\n<ul>\n<li><em>L\u00e9onard, le 3 octobre <\/em><strong>1877<\/strong><em>, \u00e2g\u00e9 de 81 ans<\/em><\/li>\n<li><em>Marguerite, le 7 juillet <\/em><strong>1879<\/strong><em>, \u00e2g\u00e9e de 71 ans<\/em><\/li>\n<\/ul>\n<p><em>C\u2019est ce L\u00e9onard, semble-t-il, qui est ma\u00eetre ma\u00e7on \u25ba<\/em><span style=\"color: #000000;\"><strong><a style=\"color: #000000;\" href=\"https:\/\/www.lesmaconsdelacreuse.fr\/annuaires\/\/wp-content\/uploads\/DOCUMENTS\/1832_-_Leonard_SAUTOUR_a_Bonneville.pdf\" target=\"_blank\" rel=\"noopener noreferrer\">en 1832<\/a><\/strong><\/span><em> \u00e0 <\/em><span style=\"color: #0000ff;\"><strong>Bonneville (16)<\/strong><em>.<\/em><\/span><\/p>\n<p>&nbsp;<\/p>\n","protected":false},"excerpt":{"rendered":"<p>Mis \u00e0 jour le : 30\/04\/2026L\u00e9onard SAUTOUR 1796 \u2013 1877 entrepreneur en b\u00e2timents et cultivateur &nbsp; n\u00e9 \u00e0 Masgrangeas (Roy\u00e8re) le 10 prairial an IV (29 mai 1796) fils de Fran\u00e7ois SAUTOUR \/ Louise TOUMIEUX laboureurs et \u25bam\u00e9tayers \u25d9 L\u00e9onard, ma\u00e7on, \u00e9pouse L\u00e9onarde SAUTOUR, tailleuse, le 19 f\u00e9vrier 1826 \u00e0 Roy\u00e8re (contrat Coutisson). Ils habitent ..<\/p>\n<div class=\"clear-fix\"><\/div>\n<p><a href=\"https:\/\/www.lesmaconsdelacreuse.fr\/annuaires\/lettre-s\/s_137\/\" title=\"Lire la suite...\">Lire la suite<\/a><\/p>\n","protected":false},"author":2,"featured_media":0,"comment_status":"closed","ping_status":"closed","sticky":false,"template":"","format":"standard","meta":{"_acf_changed":false,"_exactmetrics_skip_tracking":false,"_exactmetrics_sitenote_active":false,"_exactmetrics_sitenote_note":"","_exactmetrics_sitenote_category":0,"footnotes":""},"categories":[12],"tags":[],"class_list":["post-4729","post","type-post","status-publish","format-standard","hentry","category-lettre-s"],"acf":[],"_links":{"self":[{"href":"https:\/\/www.lesmaconsdelacreuse.fr\/annuaires\/wp-json\/wp\/v2\/posts\/4729","targetHints":{"allow":["GET"]}}],"collection":[{"href":"https:\/\/www.lesmaconsdelacreuse.fr\/annuaires\/wp-json\/wp\/v2\/posts"}],"about":[{"href":"https:\/\/www.lesmaconsdelacreuse.fr\/annuaires\/wp-json\/wp\/v2\/types\/post"}],"author":[{"embeddable":true,"href":"https:\/\/www.lesmaconsdelacreuse.fr\/annuaires\/wp-json\/wp\/v2\/users\/2"}],"replies":[{"embeddable":true,"href":"https:\/\/www.lesmaconsdelacreuse.fr\/annuaires\/wp-json\/wp\/v2\/comments?post=4729"}],"version-history":[{"count":0,"href":"https:\/\/www.lesmaconsdelacreuse.fr\/annuaires\/wp-json\/wp\/v2\/posts\/4729\/revisions"}],"wp:attachment":[{"href":"https:\/\/www.lesmaconsdelacreuse.fr\/annuaires\/wp-json\/wp\/v2\/media?parent=4729"}],"wp:term":[{"taxonomy":"category","embeddable":true,"href":"https:\/\/www.lesmaconsdelacreuse.fr\/annuaires\/wp-json\/wp\/v2\/categories?post=4729"},{"taxonomy":"post_tag","embeddable":true,"href":"https:\/\/www.lesmaconsdelacreuse.fr\/annuaires\/wp-json\/wp\/v2\/tags?post=4729"}],"curies":[{"name":"wp","href":"https:\/\/api.w.org\/{rel}","templated":true}]}}