{"id":4733,"date":"2019-07-28T12:11:03","date_gmt":"2019-07-28T10:11:03","guid":{"rendered":"http:\/\/lesmaconsdelacreuse.fr\/annuaire\/?p=4733"},"modified":"2020-01-20T11:30:09","modified_gmt":"2020-01-20T10:30:09","slug":"s_112","status":"publish","type":"post","link":"https:\/\/www.lesmaconsdelacreuse.fr\/annuaires\/lettre-s\/s_112\/","title":{"rendered":"SAUTOUR Auguste Aristide (1891-1914)"},"content":{"rendered":"<p class=\"last-updated\"><strong>Mis \u00e0 jour le :<\/strong> 30\/04\/2026<\/p><h2 style=\"text-align: center;\"><strong>Auguste Aristide SAUTOUR<\/strong><\/h2>\n<p style=\"text-align: center;\"><strong>1891 \u2013 1914<\/strong><\/p>\n<p style=\"text-align: center;\"><img decoding=\"async\" title=\"\" src=\"https:\/\/lesmaconsdelacreuse.fr\/annuaire\/wp-content\/uploads\/2019\/07\/image1-1050.jpg\" alt=\"\" data-asset-id=\"4731\" data-source-id=\"i.0\" \/><\/p>\n<h4 style=\"text-align: center;\"><span style=\"color: #008000;\"><strong>ma\u00e7on<\/strong><\/span><\/h4>\n<p style=\"text-align: center;\">n\u00e9 au Villard (Roy\u00e8re )<\/p>\n<p style=\"text-align: center;\">le 18 octobre 1891<\/p>\n<p style=\"text-align: center;\">fils de<\/p>\n<p style=\"text-align: center;\">Victor Th\u00e9odore SAUTOUR, <span style=\"color: #008000;\"><strong>ma\u00e7on<\/strong><\/span><\/p>\n<p style=\"text-align: center;\">Fran\u00e7oise CHAPOUTAUD, cultivatrice<\/p>\n<p style=\"text-align: center;\"><span style=\"color: #ffffff;\">\u25d9<\/span><\/p>\n<p><strong>En 1912<\/strong><em>, lors du conseil de r\u00e9vision, Auguste est vers\u00e9 dans les services auxiliaires, pour probl\u00e8me cardiaque.<\/em><\/p>\n<p><em>Cavalier au 14e groupe de cavaliers de remonte, <\/em><strong>c\u00e9libataire<\/strong><em>, il d\u00e9c\u00e8de en garnison \u00e0 Bellac (87), \u00e0 l\u2019h\u00f4pital mixte, le 17 novembre <\/em><strong>1914<\/strong><em>, \u00e2g\u00e9 de 23 ans.<\/em><\/p>\n","protected":false},"excerpt":{"rendered":"<p>Mis \u00e0 jour le : 30\/04\/2026Auguste Aristide SAUTOUR 1891 \u2013 1914 ma\u00e7on n\u00e9 au Villard (Roy\u00e8re ) le 18 octobre 1891 fils de Victor Th\u00e9odore SAUTOUR, ma\u00e7on Fran\u00e7oise CHAPOUTAUD, cultivatrice \u25d9 En 1912, lors du conseil de r\u00e9vision, Auguste est vers\u00e9 dans les services auxiliaires, pour probl\u00e8me cardiaque. Cavalier au 14e groupe de cavaliers de ..<\/p>\n<div class=\"clear-fix\"><\/div>\n<p><a href=\"https:\/\/www.lesmaconsdelacreuse.fr\/annuaires\/lettre-s\/s_112\/\" title=\"Lire la suite...\">Lire la suite<\/a><\/p>\n","protected":false},"author":2,"featured_media":0,"comment_status":"closed","ping_status":"closed","sticky":false,"template":"","format":"standard","meta":{"_acf_changed":false,"_exactmetrics_skip_tracking":false,"_exactmetrics_sitenote_active":false,"_exactmetrics_sitenote_note":"","_exactmetrics_sitenote_category":0,"footnotes":""},"categories":[12],"tags":[],"class_list":["post-4733","post","type-post","status-publish","format-standard","hentry","category-lettre-s"],"acf":[],"_links":{"self":[{"href":"https:\/\/www.lesmaconsdelacreuse.fr\/annuaires\/wp-json\/wp\/v2\/posts\/4733","targetHints":{"allow":["GET"]}}],"collection":[{"href":"https:\/\/www.lesmaconsdelacreuse.fr\/annuaires\/wp-json\/wp\/v2\/posts"}],"about":[{"href":"https:\/\/www.lesmaconsdelacreuse.fr\/annuaires\/wp-json\/wp\/v2\/types\/post"}],"author":[{"embeddable":true,"href":"https:\/\/www.lesmaconsdelacreuse.fr\/annuaires\/wp-json\/wp\/v2\/users\/2"}],"replies":[{"embeddable":true,"href":"https:\/\/www.lesmaconsdelacreuse.fr\/annuaires\/wp-json\/wp\/v2\/comments?post=4733"}],"version-history":[{"count":0,"href":"https:\/\/www.lesmaconsdelacreuse.fr\/annuaires\/wp-json\/wp\/v2\/posts\/4733\/revisions"}],"wp:attachment":[{"href":"https:\/\/www.lesmaconsdelacreuse.fr\/annuaires\/wp-json\/wp\/v2\/media?parent=4733"}],"wp:term":[{"taxonomy":"category","embeddable":true,"href":"https:\/\/www.lesmaconsdelacreuse.fr\/annuaires\/wp-json\/wp\/v2\/categories?post=4733"},{"taxonomy":"post_tag","embeddable":true,"href":"https:\/\/www.lesmaconsdelacreuse.fr\/annuaires\/wp-json\/wp\/v2\/tags?post=4733"}],"curies":[{"name":"wp","href":"https:\/\/api.w.org\/{rel}","templated":true}]}}