{"id":4737,"date":"2019-07-28T12:11:03","date_gmt":"2019-07-28T10:11:03","guid":{"rendered":"http:\/\/lesmaconsdelacreuse.fr\/annuaire\/?p=4737"},"modified":"2020-09-25T08:54:36","modified_gmt":"2020-09-25T06:54:36","slug":"s_135","status":"publish","type":"post","link":"https:\/\/www.lesmaconsdelacreuse.fr\/annuaires\/lettre-s\/s_135\/","title":{"rendered":"SAUTOUR Jules Augustin (1870-1950)"},"content":{"rendered":"<p class=\"last-updated\"><strong>Mis \u00e0 jour le :<\/strong> 30\/04\/2026<\/p><h2 style=\"text-align: center;\"><strong>Jules Augustin SAUTOUR<\/strong><\/h2>\n<p style=\"text-align: center;\"><strong>1870 \u2013 1950<\/strong><\/p>\n<p style=\"text-align: center;\"><img decoding=\"async\" title=\"\" src=\"https:\/\/lesmaconsdelacreuse.fr\/annuaire\/wp-content\/uploads\/2019\/07\/image1-1052.jpg\" alt=\"\" data-asset-id=\"4735\" data-source-id=\"i.0\" \/><\/p>\n<h4 style=\"text-align: center;\"><span style=\"color: #008000;\"><strong>ma\u00e7on<\/strong><\/span><\/h4>\n<p>&nbsp;<\/p>\n<p style=\"text-align: center;\">n\u00e9 \u00e0 Larfeuill\u00e8re (Le Monteil-au-Vicomte)<\/p>\n<p style=\"text-align: center;\">le 14 novembre 1870<\/p>\n<p style=\"text-align: center;\">fils de<\/p>\n<p style=\"text-align: center;\">Jean SAUTOUR, <span style=\"color: #008000;\"><strong>ma\u00e7on<\/strong><\/span><\/p>\n<p style=\"text-align: center;\">Fran\u00e7oise Rosalie VERGNE, cultivatrice<\/p>\n<p style=\"text-align: center;\"><span style=\"color: #ffffff;\">\u25d9<\/span><\/p>\n<p><strong>En 1891<\/strong><em>, Jules travaille \u00e0 <\/em><span style=\"color: #0000ff;\"><strong>Paris (75)<\/strong><\/span><em> et y passe le conseil de r\u00e9vision.<\/em><\/p>\n<p><strong>En 1895<\/strong><em>, il habite 17, rue Saint-M\u00e9dard\u00a0;<\/em><\/p>\n<p><strong>en 1896 et 1897<\/strong><em>, 13, rue Bud\u00e9\u00a0; <\/em><\/p>\n<p><strong>en 1898<\/strong><em><strong>,<\/strong> 42, rue Saint-Louis-en-l\u2019Ile\u00a0;<\/em><\/p>\n<p><strong>en 1899<\/strong><em>, 17, rue Le Regrattier, 4e arrondissement.<\/em><\/p>\n<p><em> Il \u00e9pouse \u00e0 Paris 4e le 6 mars <\/em><strong>1900<\/strong><em>, Mathilde <\/em><strong>COFFINEAUX<\/strong><em>, couturi\u00e8re n\u00e9e dans le Nord (mari\u00e9s sans contrat). <\/em><\/p>\n<p><em>La m\u00eame ann\u00e9e, ils logent 16, rue de l\u2019Arbal\u00e8te\u00a0;<\/em><\/p>\n<p><strong>en 1914<\/strong><em>, 8 bis rue Jonquoy, dans le 14e. <\/em><\/p>\n<p><em>Jules d\u00e9c\u00e8de \u00e0 <\/em><span style=\"color: #0000ff;\"><strong>Montfermeil (93)<\/strong><\/span><em> le 20 novembre <\/em><strong>1950<\/strong><em>, \u00e2g\u00e9 de 80 ans. <\/em><\/p>\n<p>&nbsp;<\/p>\n","protected":false},"excerpt":{"rendered":"<p>Mis \u00e0 jour le : 30\/04\/2026Jules Augustin SAUTOUR 1870 \u2013 1950 ma\u00e7on &nbsp; n\u00e9 \u00e0 Larfeuill\u00e8re (Le Monteil-au-Vicomte) le 14 novembre 1870 fils de Jean SAUTOUR, ma\u00e7on Fran\u00e7oise Rosalie VERGNE, cultivatrice \u25d9 En 1891, Jules travaille \u00e0 Paris (75) et y passe le conseil de r\u00e9vision. En 1895, il habite 17, rue Saint-M\u00e9dard\u00a0; en 1896 ..<\/p>\n<div class=\"clear-fix\"><\/div>\n<p><a href=\"https:\/\/www.lesmaconsdelacreuse.fr\/annuaires\/lettre-s\/s_135\/\" title=\"Lire la suite...\">Lire la suite<\/a><\/p>\n","protected":false},"author":2,"featured_media":0,"comment_status":"closed","ping_status":"closed","sticky":false,"template":"","format":"standard","meta":{"_acf_changed":false,"_exactmetrics_skip_tracking":false,"_exactmetrics_sitenote_active":false,"_exactmetrics_sitenote_note":"","_exactmetrics_sitenote_category":0,"footnotes":""},"categories":[12],"tags":[],"class_list":["post-4737","post","type-post","status-publish","format-standard","hentry","category-lettre-s"],"acf":[],"_links":{"self":[{"href":"https:\/\/www.lesmaconsdelacreuse.fr\/annuaires\/wp-json\/wp\/v2\/posts\/4737","targetHints":{"allow":["GET"]}}],"collection":[{"href":"https:\/\/www.lesmaconsdelacreuse.fr\/annuaires\/wp-json\/wp\/v2\/posts"}],"about":[{"href":"https:\/\/www.lesmaconsdelacreuse.fr\/annuaires\/wp-json\/wp\/v2\/types\/post"}],"author":[{"embeddable":true,"href":"https:\/\/www.lesmaconsdelacreuse.fr\/annuaires\/wp-json\/wp\/v2\/users\/2"}],"replies":[{"embeddable":true,"href":"https:\/\/www.lesmaconsdelacreuse.fr\/annuaires\/wp-json\/wp\/v2\/comments?post=4737"}],"version-history":[{"count":0,"href":"https:\/\/www.lesmaconsdelacreuse.fr\/annuaires\/wp-json\/wp\/v2\/posts\/4737\/revisions"}],"wp:attachment":[{"href":"https:\/\/www.lesmaconsdelacreuse.fr\/annuaires\/wp-json\/wp\/v2\/media?parent=4737"}],"wp:term":[{"taxonomy":"category","embeddable":true,"href":"https:\/\/www.lesmaconsdelacreuse.fr\/annuaires\/wp-json\/wp\/v2\/categories?post=4737"},{"taxonomy":"post_tag","embeddable":true,"href":"https:\/\/www.lesmaconsdelacreuse.fr\/annuaires\/wp-json\/wp\/v2\/tags?post=4737"}],"curies":[{"name":"wp","href":"https:\/\/api.w.org\/{rel}","templated":true}]}}