{"id":4739,"date":"2019-07-28T12:11:03","date_gmt":"2019-07-28T10:11:03","guid":{"rendered":"http:\/\/lesmaconsdelacreuse.fr\/annuaire\/?p=4739"},"modified":"2020-01-20T11:30:09","modified_gmt":"2020-01-20T10:30:09","slug":"s_110","status":"publish","type":"post","link":"https:\/\/www.lesmaconsdelacreuse.fr\/annuaires\/lettre-s\/s_110\/","title":{"rendered":"SAUTOUR Ars\u00e8ne Victor (1894-1920)"},"content":{"rendered":"<p class=\"last-updated\"><strong>Mis \u00e0 jour le :<\/strong> 30\/04\/2026<\/p><h2 style=\"text-align: center;\"><strong>Ars\u00e8ne Victor SAUTOUR<\/strong><\/h2>\n<p style=\"text-align: center;\"><strong>1894 \u2013 1920<\/strong><\/p>\n<h4 style=\"text-align: center;\"><span style=\"color: #008000;\"><strong>ma\u00e7on<\/strong><\/span><\/h4>\n<p style=\"text-align: center;\">n\u00e9 au Leyris (Roy\u00e8re)<\/p>\n<p style=\"text-align: center;\">le 1er octobre 1894<\/p>\n<p style=\"text-align: center;\">fils de<\/p>\n<p style=\"text-align: center;\">Th\u00e9odore SAUTOUR,<span style=\"color: #008000;\"><strong> ma\u00e7on<\/strong><\/span><\/p>\n<p style=\"text-align: center;\">Fran\u00e7oise CHAPOUTAUD, cultivatrice<\/p>\n<p style=\"text-align: center;\"><span style=\"color: #ffffff;\">\u25d9<\/span><\/p>\n<p><em>Soldat au 44e R\u00e9giment d\u2019Infanterie, Ars\u00e8ne d\u00e9c\u00e8de <\/em><strong>c\u00e9libataire<\/strong><em>, prisonnier au camp de Cassel Niederwehren, le 2 juillet <\/em><strong>1920<\/strong><em>, \u00e2g\u00e9 de 25 ans.<\/em><\/p>\n<p><em> Il est enterr\u00e9 \u00e0 Sarrebourg (57) dans la n\u00e9cropole nationale des prisonniers de guerre.<\/em><\/p>\n","protected":false},"excerpt":{"rendered":"<p>Mis \u00e0 jour le : 30\/04\/2026Ars\u00e8ne Victor SAUTOUR 1894 \u2013 1920 ma\u00e7on n\u00e9 au Leyris (Roy\u00e8re) le 1er octobre 1894 fils de Th\u00e9odore SAUTOUR, ma\u00e7on Fran\u00e7oise CHAPOUTAUD, cultivatrice \u25d9 Soldat au 44e R\u00e9giment d\u2019Infanterie, Ars\u00e8ne d\u00e9c\u00e8de c\u00e9libataire, prisonnier au camp de Cassel Niederwehren, le 2 juillet 1920, \u00e2g\u00e9 de 25 ans. Il est enterr\u00e9 \u00e0 ..<\/p>\n<div class=\"clear-fix\"><\/div>\n<p><a href=\"https:\/\/www.lesmaconsdelacreuse.fr\/annuaires\/lettre-s\/s_110\/\" title=\"Lire la suite...\">Lire la suite<\/a><\/p>\n","protected":false},"author":2,"featured_media":0,"comment_status":"closed","ping_status":"closed","sticky":false,"template":"","format":"standard","meta":{"_acf_changed":false,"_exactmetrics_skip_tracking":false,"_exactmetrics_sitenote_active":false,"_exactmetrics_sitenote_note":"","_exactmetrics_sitenote_category":0,"footnotes":""},"categories":[12],"tags":[],"class_list":["post-4739","post","type-post","status-publish","format-standard","hentry","category-lettre-s"],"acf":[],"_links":{"self":[{"href":"https:\/\/www.lesmaconsdelacreuse.fr\/annuaires\/wp-json\/wp\/v2\/posts\/4739","targetHints":{"allow":["GET"]}}],"collection":[{"href":"https:\/\/www.lesmaconsdelacreuse.fr\/annuaires\/wp-json\/wp\/v2\/posts"}],"about":[{"href":"https:\/\/www.lesmaconsdelacreuse.fr\/annuaires\/wp-json\/wp\/v2\/types\/post"}],"author":[{"embeddable":true,"href":"https:\/\/www.lesmaconsdelacreuse.fr\/annuaires\/wp-json\/wp\/v2\/users\/2"}],"replies":[{"embeddable":true,"href":"https:\/\/www.lesmaconsdelacreuse.fr\/annuaires\/wp-json\/wp\/v2\/comments?post=4739"}],"version-history":[{"count":0,"href":"https:\/\/www.lesmaconsdelacreuse.fr\/annuaires\/wp-json\/wp\/v2\/posts\/4739\/revisions"}],"wp:attachment":[{"href":"https:\/\/www.lesmaconsdelacreuse.fr\/annuaires\/wp-json\/wp\/v2\/media?parent=4739"}],"wp:term":[{"taxonomy":"category","embeddable":true,"href":"https:\/\/www.lesmaconsdelacreuse.fr\/annuaires\/wp-json\/wp\/v2\/categories?post=4739"},{"taxonomy":"post_tag","embeddable":true,"href":"https:\/\/www.lesmaconsdelacreuse.fr\/annuaires\/wp-json\/wp\/v2\/tags?post=4739"}],"curies":[{"name":"wp","href":"https:\/\/api.w.org\/{rel}","templated":true}]}}