{"id":4740,"date":"2019-07-28T12:11:03","date_gmt":"2019-07-28T10:11:03","guid":{"rendered":"http:\/\/lesmaconsdelacreuse.fr\/annuaire\/?p=4740"},"modified":"2020-09-30T11:34:18","modified_gmt":"2020-09-30T09:34:18","slug":"s_95","status":"publish","type":"post","link":"https:\/\/www.lesmaconsdelacreuse.fr\/annuaires\/lettre-s\/s_95\/","title":{"rendered":"SONALET L\u00e9on L\u00e9onard (1870-apr\u00e8s 1916)"},"content":{"rendered":"<p class=\"last-updated\"><strong>Mis \u00e0 jour le :<\/strong> 30\/04\/2026<\/p><h2 style=\"text-align: center;\"><strong>L\u00e9on L\u00e9onard SONALET<\/strong><\/h2>\n<p style=\"text-align: center;\"><strong>L\u00e9on SONALET<\/strong><\/p>\n<p style=\"text-align: center;\"><strong>1870 \u2013 apr\u00e8s 1916<\/strong><\/p>\n<p style=\"text-align: center;\"><img decoding=\"async\" title=\"\" src=\"https:\/\/lesmaconsdelacreuse.fr\/annuaire\/wp-content\/uploads\/2019\/07\/image1-1053.jpg\" alt=\"\" data-asset-id=\"4738\" data-source-id=\"i.0\" \/><\/p>\n<h4 style=\"text-align: center;\"><span style=\"color: #008000;\"><strong>ma\u00e7on; <\/strong><strong>menuisier<\/strong>\u00a0et<strong> <a href=\"https:\/\/www.lesmaconsdelacreuse.fr\/annuaires\/wp-content\/uploads\/2019\/07\/1740-Prix-fait-\u00e0-Gabriel-QUEYRAT-1.jpg\">\u25ba<\/a><a href=\"https:\/\/www.lesmaconsdelacreuse.fr\/annuaires\/wp-content\/uploads\/2020\/08\/CHARPENTIER.png\" target=\"_blank\" rel=\"noopener noreferrer\"><span style=\"color: #008000;\">charpentier<\/span><\/a><br \/>\n<\/strong><\/span><\/h4>\n<p>&nbsp;<\/p>\n<p style=\"text-align: center;\">n\u00e9 \u00e0 Arfeuille (Saint-Junien-la-Breg\u00e8re)<\/p>\n<p style=\"text-align: center;\">le 7 juin 1870<\/p>\n<p style=\"text-align: center;\">fils de<\/p>\n<p style=\"text-align: center;\">L\u00e9onard SONALET, <span style=\"color: #008000;\"><strong>ma\u00e7on<\/strong><\/span> et menuisier<\/p>\n<p style=\"text-align: center;\">Jeanne RAMPIGNON, cultivatrice<\/p>\n<p style=\"text-align: center;\"><span style=\"color: #ffffff;\">\u25d9<\/span><\/p>\n<p><strong>En 1891<\/strong><em>, L\u00e9on est exempt\u00e9 de service militaire comme soutien de famille.<\/em><\/p>\n<p><em>Il \u00e9pouse Marie <\/em><strong>MENUDIER<\/strong><em>, couturi\u00e8re, le 3 avril <\/em><strong>1894<\/strong><em> \u00e0 Saint-Junien (contrat Berger \u00e0 Bourganeuf). Ils habitent le bourg de Saint-Junien.<\/em><\/p>\n<p><em>Au moment de la guerre L\u00e9on n\u2019est pas mobilis\u00e9, \u00e9tant p\u00e8re de 8 enfants.<\/em><\/p>\n<p>&nbsp;<\/p>\n","protected":false},"excerpt":{"rendered":"<p>Mis \u00e0 jour le : 30\/04\/2026L\u00e9on L\u00e9onard SONALET L\u00e9on SONALET 1870 \u2013 apr\u00e8s 1916 ma\u00e7on; menuisier\u00a0et \u25bacharpentier &nbsp; n\u00e9 \u00e0 Arfeuille (Saint-Junien-la-Breg\u00e8re) le 7 juin 1870 fils de L\u00e9onard SONALET, ma\u00e7on et menuisier Jeanne RAMPIGNON, cultivatrice \u25d9 En 1891, L\u00e9on est exempt\u00e9 de service militaire comme soutien de famille. Il \u00e9pouse Marie MENUDIER, couturi\u00e8re, le ..<\/p>\n<div class=\"clear-fix\"><\/div>\n<p><a href=\"https:\/\/www.lesmaconsdelacreuse.fr\/annuaires\/lettre-s\/s_95\/\" title=\"Lire la suite...\">Lire la suite<\/a><\/p>\n","protected":false},"author":2,"featured_media":0,"comment_status":"closed","ping_status":"closed","sticky":false,"template":"","format":"standard","meta":{"_acf_changed":false,"_exactmetrics_skip_tracking":false,"_exactmetrics_sitenote_active":false,"_exactmetrics_sitenote_note":"","_exactmetrics_sitenote_category":0,"footnotes":""},"categories":[12],"tags":[],"class_list":["post-4740","post","type-post","status-publish","format-standard","hentry","category-lettre-s"],"acf":[],"_links":{"self":[{"href":"https:\/\/www.lesmaconsdelacreuse.fr\/annuaires\/wp-json\/wp\/v2\/posts\/4740","targetHints":{"allow":["GET"]}}],"collection":[{"href":"https:\/\/www.lesmaconsdelacreuse.fr\/annuaires\/wp-json\/wp\/v2\/posts"}],"about":[{"href":"https:\/\/www.lesmaconsdelacreuse.fr\/annuaires\/wp-json\/wp\/v2\/types\/post"}],"author":[{"embeddable":true,"href":"https:\/\/www.lesmaconsdelacreuse.fr\/annuaires\/wp-json\/wp\/v2\/users\/2"}],"replies":[{"embeddable":true,"href":"https:\/\/www.lesmaconsdelacreuse.fr\/annuaires\/wp-json\/wp\/v2\/comments?post=4740"}],"version-history":[{"count":0,"href":"https:\/\/www.lesmaconsdelacreuse.fr\/annuaires\/wp-json\/wp\/v2\/posts\/4740\/revisions"}],"wp:attachment":[{"href":"https:\/\/www.lesmaconsdelacreuse.fr\/annuaires\/wp-json\/wp\/v2\/media?parent=4740"}],"wp:term":[{"taxonomy":"category","embeddable":true,"href":"https:\/\/www.lesmaconsdelacreuse.fr\/annuaires\/wp-json\/wp\/v2\/categories?post=4740"},{"taxonomy":"post_tag","embeddable":true,"href":"https:\/\/www.lesmaconsdelacreuse.fr\/annuaires\/wp-json\/wp\/v2\/tags?post=4740"}],"curies":[{"name":"wp","href":"https:\/\/api.w.org\/{rel}","templated":true}]}}