{"id":4748,"date":"2019-07-28T12:11:02","date_gmt":"2019-07-28T10:11:02","guid":{"rendered":"http:\/\/lesmaconsdelacreuse.fr\/annuaire\/?p=4748"},"modified":"2020-01-20T11:30:09","modified_gmt":"2020-01-20T10:30:09","slug":"s_99","status":"publish","type":"post","link":"https:\/\/www.lesmaconsdelacreuse.fr\/annuaires\/lettre-s\/s_99\/","title":{"rendered":"SAURIAT Henri (1889-1914)"},"content":{"rendered":"<p class=\"last-updated\"><strong>Mis \u00e0 jour le :<\/strong> 30\/04\/2026<\/p><h2 style=\"text-align: center;\"><strong>Henri SAURIAT<\/strong><\/h2>\n<p style=\"text-align: center;\"><strong>1889 \u2013 1914<\/strong><\/p>\n<h4 style=\"text-align: center;\"><span style=\"color: #008000;\"><strong>ma\u00e7on<\/strong><\/span><\/h4>\n<p style=\"text-align: center;\">n\u00e9 \u00e0 Arfeuille (Saint-Junien-la-Breg\u00e8re)<\/p>\n<p style=\"text-align: center;\">le 26 octobre 1889<\/p>\n<p style=\"text-align: center;\">fils naturel de<\/p>\n<p style=\"text-align: center;\">Jos\u00e9phine SAURIAT, cultivatrice<\/p>\n<p style=\"text-align: center;\"><span style=\"color: #ffffff;\">\u25d9<\/span><\/p>\n<p><strong>En 1910<\/strong><em>, Henri passe le conseil de r\u00e9vision dans le <\/em><span style=\"color: #0000ff;\"><strong>Rh\u00f4ne (69)<\/strong><em>.<\/em><\/span><\/p>\n<p><em>Il habite ensuite <\/em><span style=\"color: #0000ff;\"><strong>Levallois-Perret (92)<\/strong><\/span><em>\u00a0:<\/em><\/p>\n<p><strong>en 1913<\/strong><em>, 24, quai Michelet\u00a0;<\/em><\/p>\n<p><strong>d\u00e9but 1914<\/strong><em>, 19, rue des Arts.<\/em><\/p>\n<p><em>Soldat au 126e R\u00e9giment d\u2019Infanterie, il est tu\u00e9 \u00e0 l\u2019ennemi \u00e0 Ch\u00e2telraould-Saint-Louvent (51) le 16 septembre <\/em><strong>1914<\/strong><em>, \u00e2g\u00e9 de 24 ans.<\/em><\/p>\n<p><em> Il est enterr\u00e9 \u00e0 la n\u00e9cropole nationale de Vitry-le-Fran\u00e7ois (51).<\/em><\/p>\n","protected":false},"excerpt":{"rendered":"<p>Mis \u00e0 jour le : 30\/04\/2026Henri SAURIAT 1889 \u2013 1914 ma\u00e7on n\u00e9 \u00e0 Arfeuille (Saint-Junien-la-Breg\u00e8re) le 26 octobre 1889 fils naturel de Jos\u00e9phine SAURIAT, cultivatrice \u25d9 En 1910, Henri passe le conseil de r\u00e9vision dans le Rh\u00f4ne (69). Il habite ensuite Levallois-Perret (92)\u00a0: en 1913, 24, quai Michelet\u00a0; d\u00e9but 1914, 19, rue des Arts. Soldat ..<\/p>\n<div class=\"clear-fix\"><\/div>\n<p><a href=\"https:\/\/www.lesmaconsdelacreuse.fr\/annuaires\/lettre-s\/s_99\/\" title=\"Lire la suite...\">Lire la suite<\/a><\/p>\n","protected":false},"author":2,"featured_media":0,"comment_status":"closed","ping_status":"closed","sticky":false,"template":"","format":"standard","meta":{"_acf_changed":false,"_exactmetrics_skip_tracking":false,"_exactmetrics_sitenote_active":false,"_exactmetrics_sitenote_note":"","_exactmetrics_sitenote_category":0,"footnotes":""},"categories":[12],"tags":[],"class_list":["post-4748","post","type-post","status-publish","format-standard","hentry","category-lettre-s"],"acf":[],"_links":{"self":[{"href":"https:\/\/www.lesmaconsdelacreuse.fr\/annuaires\/wp-json\/wp\/v2\/posts\/4748","targetHints":{"allow":["GET"]}}],"collection":[{"href":"https:\/\/www.lesmaconsdelacreuse.fr\/annuaires\/wp-json\/wp\/v2\/posts"}],"about":[{"href":"https:\/\/www.lesmaconsdelacreuse.fr\/annuaires\/wp-json\/wp\/v2\/types\/post"}],"author":[{"embeddable":true,"href":"https:\/\/www.lesmaconsdelacreuse.fr\/annuaires\/wp-json\/wp\/v2\/users\/2"}],"replies":[{"embeddable":true,"href":"https:\/\/www.lesmaconsdelacreuse.fr\/annuaires\/wp-json\/wp\/v2\/comments?post=4748"}],"version-history":[{"count":0,"href":"https:\/\/www.lesmaconsdelacreuse.fr\/annuaires\/wp-json\/wp\/v2\/posts\/4748\/revisions"}],"wp:attachment":[{"href":"https:\/\/www.lesmaconsdelacreuse.fr\/annuaires\/wp-json\/wp\/v2\/media?parent=4748"}],"wp:term":[{"taxonomy":"category","embeddable":true,"href":"https:\/\/www.lesmaconsdelacreuse.fr\/annuaires\/wp-json\/wp\/v2\/categories?post=4748"},{"taxonomy":"post_tag","embeddable":true,"href":"https:\/\/www.lesmaconsdelacreuse.fr\/annuaires\/wp-json\/wp\/v2\/tags?post=4748"}],"curies":[{"name":"wp","href":"https:\/\/api.w.org\/{rel}","templated":true}]}}