{"id":4778,"date":"2019-07-28T12:10:59","date_gmt":"2019-07-28T10:10:59","guid":{"rendered":"http:\/\/lesmaconsdelacreuse.fr\/annuaire\/?p=4778"},"modified":"2020-01-20T11:30:10","modified_gmt":"2020-01-20T10:30:10","slug":"s_97","status":"publish","type":"post","link":"https:\/\/www.lesmaconsdelacreuse.fr\/annuaires\/lettre-s\/s_97\/","title":{"rendered":"SAURIAT Fran\u00e7ois (1877-1916)"},"content":{"rendered":"<p class=\"last-updated\"><strong>Mis \u00e0 jour le :<\/strong> 01\/05\/2026<\/p><h2 style=\"text-align: center;\"><strong>Fran\u00e7ois SAURIAT<\/strong><\/h2>\n<p style=\"text-align: center;\"><strong>1877 \u2013 1916<\/strong><\/p>\n<p style=\"text-align: center;\"><img decoding=\"async\" title=\"\" src=\"https:\/\/lesmaconsdelacreuse.fr\/annuaire\/wp-content\/uploads\/2019\/07\/image1-1069.jpg\" alt=\"\" data-asset-id=\"4776\" data-source-id=\"i.0\" \/><\/p>\n<h4 style=\"text-align: center;\"><span style=\"color: #008000;\"><strong>ma\u00e7on<\/strong><\/span><\/h4>\n<p style=\"text-align: center;\">n\u00e9 \u00e0 La Cour-de-Rozet (Saint-Pardoux-Lavaud)<\/p>\n<p style=\"text-align: center;\">le 7 septembre 1877<\/p>\n<p style=\"text-align: center;\">fils de<\/p>\n<p style=\"text-align: center;\">L\u00e9onard SAURIAT, <span style=\"color: #008000;\"><strong>ma\u00e7on<\/strong><\/span><\/p>\n<p style=\"text-align: center;\">Madeleine MASDOURAUD, cultivatrice<\/p>\n<p style=\"text-align: center;\"><span style=\"color: #ffffff;\">\u25d9<\/span><\/p>\n<p><strong>En 1898<\/strong><em>, Fran\u00e7ois travaille dans le <\/em><span style=\"color: #0000ff;\"><strong>Rh\u00f4ne <\/strong><\/span><em>et y passe le conseil de r\u00e9vision. Il est dispens\u00e9 de service militaire, comme a\u00een\u00e9 de 7 enfants.<\/em><\/p>\n<p><em> Il \u00e9pouse Mariette <\/em><strong>LENOIR<\/strong><em> le 10 f\u00e9vrier <\/em><strong>1902<\/strong><em> \u00e0 Saint-Junien-la-Breg\u00e8re (contrat Berger \u00e0 Bourganeuf). <\/em><\/p>\n<p><em>Ils habitent <\/em><span style=\"color: #0000ff;\"><strong>Lyon (69)<\/strong><\/span><em>\u00a0:<\/em><\/p>\n<p><strong>en 1902 et 1903<\/strong><em>, 45, rue Paul Bert\u00a0;<\/em><\/p>\n<p><strong>en 1904<\/strong><em>, 61, rue Voltaire\u00a0;<\/em><\/p>\n<p><strong>en 1907<\/strong><em>, 46, rue Bonnel\u00a0;<\/em><\/p>\n<p><strong>en 1909<\/strong><em>, 222 bis, rue Cr\u00e9qui\u00a0;<\/em><\/p>\n<p><strong>en 1910<\/strong><em>, 27, rue Crillon. <\/em><\/p>\n<p><em>Soldat au 338e R\u00e9giment d\u2019Infanterie, Fran\u00e7ois d\u00e9c\u00e8de tu\u00e9 \u00e0 l\u2019ennemi \u00e0 Pressoir (80) le 22 novembre <\/em><strong>1916<\/strong><em>, \u00e2g\u00e9 de 39 ans. \u00ab\u00a0Soldat tr\u00e8s courageux, et plein d\u2019allant\u00a0\u00bb, il est d\u00e9cor\u00e9 de la Croix de Guerre avec \u00e9toile de bronze.<\/em><\/p>\n<p><em>Sa veuve d\u00e9c\u00e8de \u00e0 Villeurbanne le 11 avril 1954, \u00e2g\u00e9e de 72 ans.<\/em><\/p>\n","protected":false},"excerpt":{"rendered":"<p>Mis \u00e0 jour le : 01\/05\/2026Fran\u00e7ois SAURIAT 1877 \u2013 1916 ma\u00e7on n\u00e9 \u00e0 La Cour-de-Rozet (Saint-Pardoux-Lavaud) le 7 septembre 1877 fils de L\u00e9onard SAURIAT, ma\u00e7on Madeleine MASDOURAUD, cultivatrice \u25d9 En 1898, Fran\u00e7ois travaille dans le Rh\u00f4ne et y passe le conseil de r\u00e9vision. Il est dispens\u00e9 de service militaire, comme a\u00een\u00e9 de 7 enfants. Il ..<\/p>\n<div class=\"clear-fix\"><\/div>\n<p><a href=\"https:\/\/www.lesmaconsdelacreuse.fr\/annuaires\/lettre-s\/s_97\/\" title=\"Lire la suite...\">Lire la suite<\/a><\/p>\n","protected":false},"author":2,"featured_media":0,"comment_status":"closed","ping_status":"closed","sticky":false,"template":"","format":"standard","meta":{"_acf_changed":false,"_exactmetrics_skip_tracking":false,"_exactmetrics_sitenote_active":false,"_exactmetrics_sitenote_note":"","_exactmetrics_sitenote_category":0,"footnotes":""},"categories":[12],"tags":[],"class_list":["post-4778","post","type-post","status-publish","format-standard","hentry","category-lettre-s"],"acf":[],"_links":{"self":[{"href":"https:\/\/www.lesmaconsdelacreuse.fr\/annuaires\/wp-json\/wp\/v2\/posts\/4778","targetHints":{"allow":["GET"]}}],"collection":[{"href":"https:\/\/www.lesmaconsdelacreuse.fr\/annuaires\/wp-json\/wp\/v2\/posts"}],"about":[{"href":"https:\/\/www.lesmaconsdelacreuse.fr\/annuaires\/wp-json\/wp\/v2\/types\/post"}],"author":[{"embeddable":true,"href":"https:\/\/www.lesmaconsdelacreuse.fr\/annuaires\/wp-json\/wp\/v2\/users\/2"}],"replies":[{"embeddable":true,"href":"https:\/\/www.lesmaconsdelacreuse.fr\/annuaires\/wp-json\/wp\/v2\/comments?post=4778"}],"version-history":[{"count":0,"href":"https:\/\/www.lesmaconsdelacreuse.fr\/annuaires\/wp-json\/wp\/v2\/posts\/4778\/revisions"}],"wp:attachment":[{"href":"https:\/\/www.lesmaconsdelacreuse.fr\/annuaires\/wp-json\/wp\/v2\/media?parent=4778"}],"wp:term":[{"taxonomy":"category","embeddable":true,"href":"https:\/\/www.lesmaconsdelacreuse.fr\/annuaires\/wp-json\/wp\/v2\/categories?post=4778"},{"taxonomy":"post_tag","embeddable":true,"href":"https:\/\/www.lesmaconsdelacreuse.fr\/annuaires\/wp-json\/wp\/v2\/tags?post=4778"}],"curies":[{"name":"wp","href":"https:\/\/api.w.org\/{rel}","templated":true}]}}