{"id":4781,"date":"2019-07-28T12:10:59","date_gmt":"2019-07-28T10:10:59","guid":{"rendered":"http:\/\/lesmaconsdelacreuse.fr\/annuaire\/?p=4781"},"modified":"2020-01-20T11:30:10","modified_gmt":"2020-01-20T10:30:10","slug":"s_96","status":"publish","type":"post","link":"https:\/\/www.lesmaconsdelacreuse.fr\/annuaires\/lettre-s\/s_96\/","title":{"rendered":"SAUNALET L\u00e9onard (1840-1902)"},"content":{"rendered":"<p class=\"last-updated\"><strong>Mis \u00e0 jour le :<\/strong> 01\/05\/2026<\/p><h2 style=\"text-align: center;\"><strong>L\u00e9onard SAUNALET<\/strong><\/h2>\n<p style=\"text-align: center;\"><strong>1840 \u2013 1902<\/strong><\/p>\n<p style=\"text-align: center;\"><img decoding=\"async\" title=\"\" src=\"https:\/\/lesmaconsdelacreuse.fr\/annuaire\/wp-content\/uploads\/2019\/07\/image1-1071.jpg\" alt=\"\" data-asset-id=\"4780\" data-source-id=\"i.0\" \/><\/p>\n<h4 style=\"text-align: center;\"><span style=\"color: #008000;\"><strong>ma\u00e7on<\/strong><\/span> <span style=\"color: #008000;\">et <strong>menuisier<\/strong><\/span><\/h4>\n<p style=\"text-align: center;\">\u00a0n\u00e9 aux Condamines (Peyrat-le-Ch\u00e2teau &#8211; 87)<\/p>\n<p style=\"text-align: center;\">le 8 janvier 1840<\/p>\n<p style=\"text-align: center;\">fils de<\/p>\n<p style=\"text-align: center;\">L\u00e9onard SAUNALET \/ Jeanne QU\u00c9REIX<\/p>\n<p style=\"text-align: center;\">cultivateurs<\/p>\n<p style=\"text-align: center;\"><span style=\"color: #ffffff;\">\u25d9<\/span><\/p>\n<p><em>L\u00e9onard \u00e9pouse Jeanne <\/em><strong>RAMPIGNON <\/strong><em>le 12 mars <\/em><strong>1866<\/strong><em> \u00e0 Saint-Junien-la-Breg\u00e8re (contrat Tramonteil \u00e0 Peyrat). <\/em><\/p>\n<p><em>Ils vivent au bourg de Saint-Junien. <\/em><\/p>\n<p><em>L\u00e9onard d\u00e9c\u00e8de le 4 janvier <\/em><strong>1902<\/strong><em> \u00e0 <\/em><span style=\"color: #0000ff;\"><strong>Angoul\u00eame (16)<\/strong><\/span><em>, \u00e2g\u00e9 de 61 ans. <\/em><\/p>\n","protected":false},"excerpt":{"rendered":"<p>Mis \u00e0 jour le : 01\/05\/2026L\u00e9onard SAUNALET 1840 \u2013 1902 ma\u00e7on et menuisier \u00a0n\u00e9 aux Condamines (Peyrat-le-Ch\u00e2teau &#8211; 87) le 8 janvier 1840 fils de L\u00e9onard SAUNALET \/ Jeanne QU\u00c9REIX cultivateurs \u25d9 L\u00e9onard \u00e9pouse Jeanne RAMPIGNON le 12 mars 1866 \u00e0 Saint-Junien-la-Breg\u00e8re (contrat Tramonteil \u00e0 Peyrat). Ils vivent au bourg de Saint-Junien. L\u00e9onard d\u00e9c\u00e8de le ..<\/p>\n<div class=\"clear-fix\"><\/div>\n<p><a href=\"https:\/\/www.lesmaconsdelacreuse.fr\/annuaires\/lettre-s\/s_96\/\" title=\"Lire la suite...\">Lire la suite<\/a><\/p>\n","protected":false},"author":2,"featured_media":0,"comment_status":"closed","ping_status":"closed","sticky":false,"template":"","format":"standard","meta":{"_acf_changed":false,"_exactmetrics_skip_tracking":false,"_exactmetrics_sitenote_active":false,"_exactmetrics_sitenote_note":"","_exactmetrics_sitenote_category":0,"footnotes":""},"categories":[12],"tags":[],"class_list":["post-4781","post","type-post","status-publish","format-standard","hentry","category-lettre-s"],"acf":[],"_links":{"self":[{"href":"https:\/\/www.lesmaconsdelacreuse.fr\/annuaires\/wp-json\/wp\/v2\/posts\/4781","targetHints":{"allow":["GET"]}}],"collection":[{"href":"https:\/\/www.lesmaconsdelacreuse.fr\/annuaires\/wp-json\/wp\/v2\/posts"}],"about":[{"href":"https:\/\/www.lesmaconsdelacreuse.fr\/annuaires\/wp-json\/wp\/v2\/types\/post"}],"author":[{"embeddable":true,"href":"https:\/\/www.lesmaconsdelacreuse.fr\/annuaires\/wp-json\/wp\/v2\/users\/2"}],"replies":[{"embeddable":true,"href":"https:\/\/www.lesmaconsdelacreuse.fr\/annuaires\/wp-json\/wp\/v2\/comments?post=4781"}],"version-history":[{"count":0,"href":"https:\/\/www.lesmaconsdelacreuse.fr\/annuaires\/wp-json\/wp\/v2\/posts\/4781\/revisions"}],"wp:attachment":[{"href":"https:\/\/www.lesmaconsdelacreuse.fr\/annuaires\/wp-json\/wp\/v2\/media?parent=4781"}],"wp:term":[{"taxonomy":"category","embeddable":true,"href":"https:\/\/www.lesmaconsdelacreuse.fr\/annuaires\/wp-json\/wp\/v2\/categories?post=4781"},{"taxonomy":"post_tag","embeddable":true,"href":"https:\/\/www.lesmaconsdelacreuse.fr\/annuaires\/wp-json\/wp\/v2\/tags?post=4781"}],"curies":[{"name":"wp","href":"https:\/\/api.w.org\/{rel}","templated":true}]}}