{"id":4786,"date":"2019-07-28T12:10:58","date_gmt":"2019-07-28T10:10:58","guid":{"rendered":"http:\/\/lesmaconsdelacreuse.fr\/annuaire\/?p=4786"},"modified":"2022-01-20T10:16:57","modified_gmt":"2022-01-20T09:16:57","slug":"s_86","status":"publish","type":"post","link":"https:\/\/www.lesmaconsdelacreuse.fr\/annuaires\/lettre-s\/s_86\/","title":{"rendered":"SARTOUT Michel (1849-1921)"},"content":{"rendered":"<p class=\"last-updated\"><strong>Mis \u00e0 jour le :<\/strong> 01\/05\/2026<\/p><h2 style=\"text-align: center;\"><strong>Michel SARTOUT<\/strong><\/h2>\n<p style=\"text-align: center;\"><strong>1849 \u2013 1921<\/strong><\/p>\n<p style=\"text-align: center;\"><img decoding=\"async\" title=\"\" src=\"https:\/\/lesmaconsdelacreuse.fr\/annuaire\/wp-content\/uploads\/2019\/07\/image1-53.png\" alt=\"\" data-asset-id=\"4785\" data-source-id=\"i.0\" \/><\/p>\n<h4 style=\"text-align: center;\"><span style=\"color: #008000;\"><strong>ma\u00e7on <\/strong>et<strong> menuisier; <\/strong><strong>cultivateur<\/strong><\/span><\/h4>\n<p style=\"text-align: center;\">n\u00e9 \u00e0 Chatreix (Saint-Julien-le-Petit &#8211; 87)<\/p>\n<p style=\"text-align: center;\">le 9 janvier 1849<\/p>\n<p style=\"text-align: center;\">fils de<\/p>\n<p style=\"text-align: center;\">Michel SARTOUT \/ Marie FAURE<\/p>\n<p style=\"text-align: center;\">cultivateurs<\/p>\n<p style=\"text-align: center;\"><span style=\"color: #ffffff;\">\u25d9<\/span><\/p>\n<p><strong>En 1870<\/strong><em>, Michel, <\/em><span style=\"color: #008000;\"><strong>ma\u00e7on<\/strong><\/span><em>, habite La Vedrenne, commune de Saint-Moreil, avec ses parents. Il est exempt\u00e9 de service militaire pour faiblesse de complexion.<\/em><\/p>\n<p><span style=\"color: #008000;\"><strong>Menuisier<\/strong><\/span><em>, il \u00e9pouse Marie <\/em><strong>LACOUR<\/strong><em> le 23 f\u00e9vrier <\/em><strong>1875<\/strong><em> \u00e0 Saint-Moreil (contrat Berger \u00e0 Bourganeuf). <\/em><\/p>\n<p><em>Ils habitent La Vedrenne.<\/em><\/p>\n<p><em>Michel d\u00e9c\u00e8de au bourg de Saint-Moreil le 15 octobre <\/em><strong>1921<\/strong><em>, \u00e2g\u00e9 de 72 ans.<\/em><\/p>\n","protected":false},"excerpt":{"rendered":"<p>Mis \u00e0 jour le : 01\/05\/2026Michel SARTOUT 1849 \u2013 1921 ma\u00e7on et menuisier; cultivateur n\u00e9 \u00e0 Chatreix (Saint-Julien-le-Petit &#8211; 87) le 9 janvier 1849 fils de Michel SARTOUT \/ Marie FAURE cultivateurs \u25d9 En 1870, Michel, ma\u00e7on, habite La Vedrenne, commune de Saint-Moreil, avec ses parents. Il est exempt\u00e9 de service militaire pour faiblesse de ..<\/p>\n<div class=\"clear-fix\"><\/div>\n<p><a href=\"https:\/\/www.lesmaconsdelacreuse.fr\/annuaires\/lettre-s\/s_86\/\" title=\"Lire la suite...\">Lire la suite<\/a><\/p>\n","protected":false},"author":2,"featured_media":0,"comment_status":"closed","ping_status":"closed","sticky":false,"template":"","format":"standard","meta":{"_acf_changed":false,"_exactmetrics_skip_tracking":false,"_exactmetrics_sitenote_active":false,"_exactmetrics_sitenote_note":"","_exactmetrics_sitenote_category":0,"footnotes":""},"categories":[12],"tags":[],"class_list":["post-4786","post","type-post","status-publish","format-standard","hentry","category-lettre-s"],"acf":[],"_links":{"self":[{"href":"https:\/\/www.lesmaconsdelacreuse.fr\/annuaires\/wp-json\/wp\/v2\/posts\/4786","targetHints":{"allow":["GET"]}}],"collection":[{"href":"https:\/\/www.lesmaconsdelacreuse.fr\/annuaires\/wp-json\/wp\/v2\/posts"}],"about":[{"href":"https:\/\/www.lesmaconsdelacreuse.fr\/annuaires\/wp-json\/wp\/v2\/types\/post"}],"author":[{"embeddable":true,"href":"https:\/\/www.lesmaconsdelacreuse.fr\/annuaires\/wp-json\/wp\/v2\/users\/2"}],"replies":[{"embeddable":true,"href":"https:\/\/www.lesmaconsdelacreuse.fr\/annuaires\/wp-json\/wp\/v2\/comments?post=4786"}],"version-history":[{"count":2,"href":"https:\/\/www.lesmaconsdelacreuse.fr\/annuaires\/wp-json\/wp\/v2\/posts\/4786\/revisions"}],"predecessor-version":[{"id":194119,"href":"https:\/\/www.lesmaconsdelacreuse.fr\/annuaires\/wp-json\/wp\/v2\/posts\/4786\/revisions\/194119"}],"wp:attachment":[{"href":"https:\/\/www.lesmaconsdelacreuse.fr\/annuaires\/wp-json\/wp\/v2\/media?parent=4786"}],"wp:term":[{"taxonomy":"category","embeddable":true,"href":"https:\/\/www.lesmaconsdelacreuse.fr\/annuaires\/wp-json\/wp\/v2\/categories?post=4786"},{"taxonomy":"post_tag","embeddable":true,"href":"https:\/\/www.lesmaconsdelacreuse.fr\/annuaires\/wp-json\/wp\/v2\/tags?post=4786"}],"curies":[{"name":"wp","href":"https:\/\/api.w.org\/{rel}","templated":true}]}}