{"id":4793,"date":"2019-07-28T12:10:57","date_gmt":"2019-07-28T10:10:57","guid":{"rendered":"http:\/\/lesmaconsdelacreuse.fr\/annuaire\/?p=4793"},"modified":"2020-01-20T11:30:11","modified_gmt":"2020-01-20T10:30:11","slug":"s_71","status":"publish","type":"post","link":"https:\/\/www.lesmaconsdelacreuse.fr\/annuaires\/lettre-s\/s_71\/","title":{"rendered":"SARTOUT Fran\u00e7ois (1825-1861)"},"content":{"rendered":"<p class=\"last-updated\"><strong>Mis \u00e0 jour le :<\/strong> 01\/05\/2026<\/p><h2 style=\"text-align: center;\"><strong>Fran\u00e7ois SARTOUT<\/strong><\/h2>\n<p style=\"text-align: center;\"><strong>1825 \u2013 1861<\/strong><\/p>\n<p style=\"text-align: center;\"><img decoding=\"async\" title=\"\" src=\"https:\/\/lesmaconsdelacreuse.fr\/annuaire\/wp-content\/uploads\/2019\/07\/image1-1074.jpg\" alt=\"\" data-asset-id=\"4789\" data-source-id=\"i.0\" \/><\/p>\n<h4 style=\"text-align: center;\"><span style=\"color: #008000;\"><strong>ma\u00e7on <\/strong>et<strong> cultivateur<\/strong><\/span><\/h4>\n<p style=\"text-align: center;\">n\u00e9 \u00e0 La Barde (Charri\u00e8re)<\/p>\n<p style=\"text-align: center;\">le 24 septembre 1825<\/p>\n<p style=\"text-align: center;\">fils de<\/p>\n<p style=\"text-align: center;\">L\u00e9onard SARTOUT \/ Anne CLAV\u00c9ROLAS<\/p>\n<p style=\"text-align: center;\">propri\u00e9taires cultivateurs<\/p>\n<p style=\"text-align: center;\"><span style=\"color: #ffffff;\">\u25d9<\/span><\/p>\n<p><em>Fran\u00e7ois \u00e9pouse L\u00e9onarde <\/em><strong>BOUCARET<\/strong><em> le 28 f\u00e9vrier <\/em><strong>1848<\/strong><em> \u00e0 Roy\u00e8re (contrat Toumieux). <\/em><\/p>\n<p><em>L\u00e9onarde d\u00e9c\u00e8de \u00e0 La Conche, commune de Saint-Pardoux-Lavaud, le 10 avril <\/em><strong>1850<\/strong><em>, \u00e2g\u00e9e de 23 ans. <\/em><\/p>\n<p><em>Fran\u00e7ois se remarie le 3 mars <\/em><strong>1851<\/strong><em> \u00e0 Roy\u00e8re avec Jeanne <\/em><strong>PORTIER<\/strong><em> (contrat Toumieux). <\/em><\/p>\n<p><em>Ils d\u00e9c\u00e8dent\u00a0:<\/em><\/p>\n<ul>\n<li><em>Fran\u00e7ois, au Tourtoulloux, commune de Saint-Martin-Ch\u00e2teau, le 28 novembre <\/em><strong>1861<\/strong><em>, \u00e2g\u00e9 de 36 ans<\/em><\/li>\n<li><em>Jeanne, \u00e0 Grandrieux, m\u00eame commune, le 28 avril <\/em><strong>1874<\/strong><em><strong>,<\/strong> \u00e2g\u00e9e de 52 ans<\/em><\/li>\n<\/ul>\n","protected":false},"excerpt":{"rendered":"<p>Mis \u00e0 jour le : 01\/05\/2026Fran\u00e7ois SARTOUT 1825 \u2013 1861 ma\u00e7on et cultivateur n\u00e9 \u00e0 La Barde (Charri\u00e8re) le 24 septembre 1825 fils de L\u00e9onard SARTOUT \/ Anne CLAV\u00c9ROLAS propri\u00e9taires cultivateurs \u25d9 Fran\u00e7ois \u00e9pouse L\u00e9onarde BOUCARET le 28 f\u00e9vrier 1848 \u00e0 Roy\u00e8re (contrat Toumieux). L\u00e9onarde d\u00e9c\u00e8de \u00e0 La Conche, commune de Saint-Pardoux-Lavaud, le 10 avril ..<\/p>\n<div class=\"clear-fix\"><\/div>\n<p><a href=\"https:\/\/www.lesmaconsdelacreuse.fr\/annuaires\/lettre-s\/s_71\/\" title=\"Lire la suite...\">Lire la suite<\/a><\/p>\n","protected":false},"author":2,"featured_media":0,"comment_status":"closed","ping_status":"closed","sticky":false,"template":"","format":"standard","meta":{"_acf_changed":false,"_exactmetrics_skip_tracking":false,"_exactmetrics_sitenote_active":false,"_exactmetrics_sitenote_note":"","_exactmetrics_sitenote_category":0,"footnotes":""},"categories":[12],"tags":[],"class_list":["post-4793","post","type-post","status-publish","format-standard","hentry","category-lettre-s"],"acf":[],"_links":{"self":[{"href":"https:\/\/www.lesmaconsdelacreuse.fr\/annuaires\/wp-json\/wp\/v2\/posts\/4793","targetHints":{"allow":["GET"]}}],"collection":[{"href":"https:\/\/www.lesmaconsdelacreuse.fr\/annuaires\/wp-json\/wp\/v2\/posts"}],"about":[{"href":"https:\/\/www.lesmaconsdelacreuse.fr\/annuaires\/wp-json\/wp\/v2\/types\/post"}],"author":[{"embeddable":true,"href":"https:\/\/www.lesmaconsdelacreuse.fr\/annuaires\/wp-json\/wp\/v2\/users\/2"}],"replies":[{"embeddable":true,"href":"https:\/\/www.lesmaconsdelacreuse.fr\/annuaires\/wp-json\/wp\/v2\/comments?post=4793"}],"version-history":[{"count":0,"href":"https:\/\/www.lesmaconsdelacreuse.fr\/annuaires\/wp-json\/wp\/v2\/posts\/4793\/revisions"}],"wp:attachment":[{"href":"https:\/\/www.lesmaconsdelacreuse.fr\/annuaires\/wp-json\/wp\/v2\/media?parent=4793"}],"wp:term":[{"taxonomy":"category","embeddable":true,"href":"https:\/\/www.lesmaconsdelacreuse.fr\/annuaires\/wp-json\/wp\/v2\/categories?post=4793"},{"taxonomy":"post_tag","embeddable":true,"href":"https:\/\/www.lesmaconsdelacreuse.fr\/annuaires\/wp-json\/wp\/v2\/tags?post=4793"}],"curies":[{"name":"wp","href":"https:\/\/api.w.org\/{rel}","templated":true}]}}