{"id":4803,"date":"2019-07-28T12:10:56","date_gmt":"2019-07-28T10:10:56","guid":{"rendered":"http:\/\/lesmaconsdelacreuse.fr\/annuaire\/?p=4803"},"modified":"2020-01-20T11:30:11","modified_gmt":"2020-01-20T10:30:11","slug":"s_76","status":"publish","type":"post","link":"https:\/\/www.lesmaconsdelacreuse.fr\/annuaires\/lettre-s\/s_76\/","title":{"rendered":"SARTOUT Jean (1877-1955)"},"content":{"rendered":"<p class=\"last-updated\"><strong>Mis \u00e0 jour le :<\/strong> 01\/05\/2026<\/p><h2 style=\"text-align: center;\"><strong>Jean SARTOUT<\/strong><\/h2>\n<p style=\"text-align: center;\"><strong>1877 \u2013 1955<\/strong><\/p>\n<p style=\"text-align: center;\"><img decoding=\"async\" title=\"\" src=\"https:\/\/lesmaconsdelacreuse.fr\/annuaire\/wp-content\/uploads\/2019\/07\/image1-1077.jpg\" alt=\"\" data-asset-id=\"4801\" data-source-id=\"i.0\" \/><\/p>\n<h4 style=\"text-align: center;\"><span style=\"color: #008000;\"><strong>ma\u00e7on <\/strong>et<strong> cultivateur<\/strong><\/span><\/h4>\n<p style=\"text-align: center;\">n\u00e9 \u00e0 Chatreix (Saint-Julien-le-Petit &#8211; 87)<\/p>\n<p style=\"text-align: center;\">le 27 octobre 1877<\/p>\n<p style=\"text-align: center;\">fils de<\/p>\n<p style=\"text-align: center;\">L\u00e9onard SARTOUT \/ Jeanne PEYRATOUT<\/p>\n<p style=\"text-align: center;\"><span style=\"color: #ffffff;\">\u25d9<\/span><\/p>\n<p><em>D\u2019abord ajourn\u00e9 de service militaire pour faiblesse <\/em><strong>en 1898<\/strong><em>, Jean est d\u00e9clar\u00e9 apte <\/em><strong>en 1900<\/strong><em>.<\/em><\/p>\n<p><strong>En 1902<\/strong><em>, il travaille \u00e0 <\/em><span style=\"color: #0000ff;\"><strong>Saint-Genis-Laval (69)<\/strong><\/span><em>.<\/em><\/p>\n<p><em>Il \u00e9pouse Fran\u00e7oise <\/em><strong>JAUDON<\/strong><em> le 11 f\u00e9vrier <\/em><strong>1905<\/strong><em> \u00e0 Saint-Moreil (mari\u00e9s sans contrat). <\/em><\/p>\n<p><em>Ils habitent Pr\u00e9sench\u00e8re.<\/em><\/p>\n<p><em> En mai de la m\u00eame ann\u00e9e, il travaille \u00e0 <\/em><strong><span style=\"color: #0000ff;\">Chaponost (69)<\/span>\u00a0<\/strong><em>;<\/em><\/p>\n<p><strong>en 1908<\/strong><em>, \u00e0 <\/em><span style=\"color: #0000ff;\"><strong>Vaucresson (92)<\/strong><\/span><em>, logeant place de l\u2019\u00c9glise\u00a0;<\/em><\/p>\n<p><strong>en 1909<\/strong><em>, de nouveau \u00e0 Chaponost.<\/em><\/p>\n<p><em> Les \u00e9poux d\u00e9c\u00e8dent \u00e0 Pr\u00e9sench\u00e8re\u00a0: <\/em><\/p>\n<ul>\n<li><em>Jean, le 18 janvier <\/em><strong>1955<\/strong><em>, \u00e2g\u00e9 de 77 ans<\/em><\/li>\n<li><em>Fran\u00e7oise, le 26 octobre <\/em><strong>1965<\/strong><em>, \u00e2g\u00e9e de 80 ans<\/em><\/li>\n<\/ul>\n<p><strong>\u00a0<\/strong><\/p>\n<p style=\"text-align: center;\"><span style=\"color: #ffffff;\">\u25d9<\/span><\/p>\n","protected":false},"excerpt":{"rendered":"<p>Mis \u00e0 jour le : 01\/05\/2026Jean SARTOUT 1877 \u2013 1955 ma\u00e7on et cultivateur n\u00e9 \u00e0 Chatreix (Saint-Julien-le-Petit &#8211; 87) le 27 octobre 1877 fils de L\u00e9onard SARTOUT \/ Jeanne PEYRATOUT \u25d9 D\u2019abord ajourn\u00e9 de service militaire pour faiblesse en 1898, Jean est d\u00e9clar\u00e9 apte en 1900. En 1902, il travaille \u00e0 Saint-Genis-Laval (69). Il \u00e9pouse ..<\/p>\n<div class=\"clear-fix\"><\/div>\n<p><a href=\"https:\/\/www.lesmaconsdelacreuse.fr\/annuaires\/lettre-s\/s_76\/\" title=\"Lire la suite...\">Lire la suite<\/a><\/p>\n","protected":false},"author":2,"featured_media":0,"comment_status":"closed","ping_status":"closed","sticky":false,"template":"","format":"standard","meta":{"_acf_changed":false,"_exactmetrics_skip_tracking":false,"_exactmetrics_sitenote_active":false,"_exactmetrics_sitenote_note":"","_exactmetrics_sitenote_category":0,"footnotes":""},"categories":[12],"tags":[],"class_list":["post-4803","post","type-post","status-publish","format-standard","hentry","category-lettre-s"],"acf":[],"_links":{"self":[{"href":"https:\/\/www.lesmaconsdelacreuse.fr\/annuaires\/wp-json\/wp\/v2\/posts\/4803","targetHints":{"allow":["GET"]}}],"collection":[{"href":"https:\/\/www.lesmaconsdelacreuse.fr\/annuaires\/wp-json\/wp\/v2\/posts"}],"about":[{"href":"https:\/\/www.lesmaconsdelacreuse.fr\/annuaires\/wp-json\/wp\/v2\/types\/post"}],"author":[{"embeddable":true,"href":"https:\/\/www.lesmaconsdelacreuse.fr\/annuaires\/wp-json\/wp\/v2\/users\/2"}],"replies":[{"embeddable":true,"href":"https:\/\/www.lesmaconsdelacreuse.fr\/annuaires\/wp-json\/wp\/v2\/comments?post=4803"}],"version-history":[{"count":0,"href":"https:\/\/www.lesmaconsdelacreuse.fr\/annuaires\/wp-json\/wp\/v2\/posts\/4803\/revisions"}],"wp:attachment":[{"href":"https:\/\/www.lesmaconsdelacreuse.fr\/annuaires\/wp-json\/wp\/v2\/media?parent=4803"}],"wp:term":[{"taxonomy":"category","embeddable":true,"href":"https:\/\/www.lesmaconsdelacreuse.fr\/annuaires\/wp-json\/wp\/v2\/categories?post=4803"},{"taxonomy":"post_tag","embeddable":true,"href":"https:\/\/www.lesmaconsdelacreuse.fr\/annuaires\/wp-json\/wp\/v2\/tags?post=4803"}],"curies":[{"name":"wp","href":"https:\/\/api.w.org\/{rel}","templated":true}]}}