{"id":4807,"date":"2019-07-28T12:10:55","date_gmt":"2019-07-28T10:10:55","guid":{"rendered":"http:\/\/lesmaconsdelacreuse.fr\/annuaire\/?p=4807"},"modified":"2020-01-20T11:30:12","modified_gmt":"2020-01-20T10:30:12","slug":"s_68","status":"publish","type":"post","link":"https:\/\/www.lesmaconsdelacreuse.fr\/annuaires\/lettre-s\/s_68\/","title":{"rendered":"SARTOUT Barth\u00e9l\u00e9my Gaston (1874-apr\u00e8s 1911)"},"content":{"rendered":"<p class=\"last-updated\"><strong>Mis \u00e0 jour le :<\/strong> 01\/05\/2026<\/p><h2 style=\"text-align: center;\"><strong>Barth\u00e9l\u00e9my Gaston SARTOUT<\/strong><\/h2>\n<p style=\"text-align: center;\"><strong>1874 \u2013 apr\u00e8s 1911<\/strong><\/p>\n<h4 style=\"text-align: center;\"><span style=\"color: #008000;\"><strong>ma\u00e7on<\/strong><\/span><\/h4>\n<p style=\"text-align: center;\">n\u00e9 \u00e0 Bordeaux<\/p>\n<p style=\"text-align: center;\">le 11 septembre 1874<\/p>\n<p style=\"text-align: center;\">fils de<\/p>\n<p style=\"text-align: center;\">L\u00e9onard SARTOUT, <span style=\"color: #008000;\"><strong>ma\u00e7on \/ <\/strong><\/span>Marie LAIN\u00c9, cultivatrice<\/p>\n<p style=\"text-align: center;\"><span style=\"color: #ffffff;\">\u25d9<\/span><\/p>\n<p><strong>En 1895<\/strong><em>, Barth\u00e9l\u00e9my domicili\u00e9 avec ses parents au bourg de Saint-Pardoux-Lavaud, travaille en <\/em><span style=\"color: #0000ff;\"><strong>Gironde (33)<\/strong><\/span><em>, et y passe le conseil de r\u00e9vision.<\/em><\/p>\n<p><strong>En 1898<\/strong><em>, il est \u00e0 <\/em><span style=\"color: #0000ff;\"><strong>Paris (75)<\/strong><\/span><em>, 6, rue des Boulangers\u00a0;<\/em><\/p>\n<p><strong>en 1900<\/strong><em>, 11, rue Jolivet\u00a0;<\/em><\/p>\n<p><strong>en 1903<\/strong><em>, 9, passage Berthaud\u00a0;<\/em><\/p>\n<p><strong>en 1904<\/strong><em>, 2, rue de Terre-Neuve dans le 20e\u00a0arrondissement\u00a0;<\/em><\/p>\n<p><strong>en 1905<\/strong><em>, 121, avenue Gambetta, aussi dans le 20e, puis 3, rue Moli\u00e8re. <\/em><\/p>\n<p><strong>En 1911<\/strong><em>, il est \u00e0 <\/em><span style=\"color: #0000ff;\"><strong>Levallois-Perret (92)<\/strong><\/span><em>, 24, quai Michelet.<\/em><\/p>\n","protected":false},"excerpt":{"rendered":"<p>Mis \u00e0 jour le : 01\/05\/2026Barth\u00e9l\u00e9my Gaston SARTOUT 1874 \u2013 apr\u00e8s 1911 ma\u00e7on n\u00e9 \u00e0 Bordeaux le 11 septembre 1874 fils de L\u00e9onard SARTOUT, ma\u00e7on \/ Marie LAIN\u00c9, cultivatrice \u25d9 En 1895, Barth\u00e9l\u00e9my domicili\u00e9 avec ses parents au bourg de Saint-Pardoux-Lavaud, travaille en Gironde (33), et y passe le conseil de r\u00e9vision. En 1898, il ..<\/p>\n<div class=\"clear-fix\"><\/div>\n<p><a href=\"https:\/\/www.lesmaconsdelacreuse.fr\/annuaires\/lettre-s\/s_68\/\" title=\"Lire la suite...\">Lire la suite<\/a><\/p>\n","protected":false},"author":2,"featured_media":0,"comment_status":"closed","ping_status":"closed","sticky":false,"template":"","format":"standard","meta":{"_acf_changed":false,"_exactmetrics_skip_tracking":false,"_exactmetrics_sitenote_active":false,"_exactmetrics_sitenote_note":"","_exactmetrics_sitenote_category":0,"footnotes":""},"categories":[12],"tags":[],"class_list":["post-4807","post","type-post","status-publish","format-standard","hentry","category-lettre-s"],"acf":[],"_links":{"self":[{"href":"https:\/\/www.lesmaconsdelacreuse.fr\/annuaires\/wp-json\/wp\/v2\/posts\/4807","targetHints":{"allow":["GET"]}}],"collection":[{"href":"https:\/\/www.lesmaconsdelacreuse.fr\/annuaires\/wp-json\/wp\/v2\/posts"}],"about":[{"href":"https:\/\/www.lesmaconsdelacreuse.fr\/annuaires\/wp-json\/wp\/v2\/types\/post"}],"author":[{"embeddable":true,"href":"https:\/\/www.lesmaconsdelacreuse.fr\/annuaires\/wp-json\/wp\/v2\/users\/2"}],"replies":[{"embeddable":true,"href":"https:\/\/www.lesmaconsdelacreuse.fr\/annuaires\/wp-json\/wp\/v2\/comments?post=4807"}],"version-history":[{"count":0,"href":"https:\/\/www.lesmaconsdelacreuse.fr\/annuaires\/wp-json\/wp\/v2\/posts\/4807\/revisions"}],"wp:attachment":[{"href":"https:\/\/www.lesmaconsdelacreuse.fr\/annuaires\/wp-json\/wp\/v2\/media?parent=4807"}],"wp:term":[{"taxonomy":"category","embeddable":true,"href":"https:\/\/www.lesmaconsdelacreuse.fr\/annuaires\/wp-json\/wp\/v2\/categories?post=4807"},{"taxonomy":"post_tag","embeddable":true,"href":"https:\/\/www.lesmaconsdelacreuse.fr\/annuaires\/wp-json\/wp\/v2\/tags?post=4807"}],"curies":[{"name":"wp","href":"https:\/\/api.w.org\/{rel}","templated":true}]}}