{"id":4809,"date":"2019-07-28T12:10:55","date_gmt":"2019-07-28T10:10:55","guid":{"rendered":"http:\/\/lesmaconsdelacreuse.fr\/annuaire\/?p=4809"},"modified":"2021-04-30T13:47:51","modified_gmt":"2021-04-30T11:47:51","slug":"s_60","status":"publish","type":"post","link":"https:\/\/www.lesmaconsdelacreuse.fr\/annuaires\/lettre-s\/s_60\/","title":{"rendered":"SAPANET L\u00e9onard (1795-1851)"},"content":{"rendered":"<p class=\"last-updated\"><strong>Mis \u00e0 jour le :<\/strong> 01\/05\/2026<\/p><h2 style=\"text-align: center;\"><strong>L\u00e9onard SAPANET<\/strong><\/h2>\n<p style=\"text-align: center;\"><strong>1795 \u2013 1851<\/strong><\/p>\n<p style=\"text-align: center;\"><img decoding=\"async\" title=\"\" src=\"https:\/\/lesmaconsdelacreuse.fr\/annuaire\/wp-content\/uploads\/2019\/07\/image1-1080.jpg\" alt=\"\" data-asset-id=\"4808\" data-source-id=\"i.0\" \/><\/p>\n<h4 style=\"text-align: center;\"><span style=\"color: #008000;\"><strong>ma\u00e7on<\/strong> et <strong>propri\u00e9taire cultivateur<\/strong><\/span><\/h4>\n<p style=\"text-align: center;\">n\u00e9 \u00e0 Rieublanc (Morterolles)<\/p>\n<p style=\"text-align: center;\">le 27 brumaire an IV (18 novembre 1795)<\/p>\n<p style=\"text-align: center;\">fils de<\/p>\n<p style=\"text-align: center;\">Damien SAPANET \/ Marie NADAUD<\/p>\n<p style=\"text-align: center;\">cultivateurs<\/p>\n<p style=\"text-align: center;\"><span style=\"color: #ffffff;\">\u25d9<\/span><\/p>\n<p><em>L\u00e9onard \u00e9pouse Marie <\/em><strong>LEGROS<\/strong><em> le 22 d\u00e9cembre <\/em><strong>1814<\/strong><em> \u00e0 Saint-Pierre-le-Bost (contrat Lepetit au Monteil-au-Vicomte).<\/em><\/p>\n<p><em> Ils habitent le village du Planchadeau.<\/em><\/p>\n<p><em> Ils y d\u00e9c\u00e8dent:<\/em><\/p>\n<ul>\n<li><em>L\u00e9onard, le 11 d\u00e9cembre <\/em><strong>1851<\/strong><em>, \u00e2g\u00e9 de 56 ans<\/em><\/li>\n<li><em>Marie, le 25 f\u00e9vrier <\/em><strong>1880<\/strong><em>, \u00e2g\u00e9e de 81 ans<\/em><\/li>\n<\/ul>\n","protected":false},"excerpt":{"rendered":"<p>Mis \u00e0 jour le : 01\/05\/2026L\u00e9onard SAPANET 1795 \u2013 1851 ma\u00e7on et propri\u00e9taire cultivateur n\u00e9 \u00e0 Rieublanc (Morterolles) le 27 brumaire an IV (18 novembre 1795) fils de Damien SAPANET \/ Marie NADAUD cultivateurs \u25d9 L\u00e9onard \u00e9pouse Marie LEGROS le 22 d\u00e9cembre 1814 \u00e0 Saint-Pierre-le-Bost (contrat Lepetit au Monteil-au-Vicomte). Ils habitent le village du Planchadeau. ..<\/p>\n<div class=\"clear-fix\"><\/div>\n<p><a href=\"https:\/\/www.lesmaconsdelacreuse.fr\/annuaires\/lettre-s\/s_60\/\" title=\"Lire la suite...\">Lire la suite<\/a><\/p>\n","protected":false},"author":2,"featured_media":0,"comment_status":"closed","ping_status":"closed","sticky":false,"template":"","format":"standard","meta":{"_acf_changed":false,"_exactmetrics_skip_tracking":false,"_exactmetrics_sitenote_active":false,"_exactmetrics_sitenote_note":"","_exactmetrics_sitenote_category":0,"footnotes":""},"categories":[12],"tags":[],"class_list":["post-4809","post","type-post","status-publish","format-standard","hentry","category-lettre-s"],"acf":[],"_links":{"self":[{"href":"https:\/\/www.lesmaconsdelacreuse.fr\/annuaires\/wp-json\/wp\/v2\/posts\/4809","targetHints":{"allow":["GET"]}}],"collection":[{"href":"https:\/\/www.lesmaconsdelacreuse.fr\/annuaires\/wp-json\/wp\/v2\/posts"}],"about":[{"href":"https:\/\/www.lesmaconsdelacreuse.fr\/annuaires\/wp-json\/wp\/v2\/types\/post"}],"author":[{"embeddable":true,"href":"https:\/\/www.lesmaconsdelacreuse.fr\/annuaires\/wp-json\/wp\/v2\/users\/2"}],"replies":[{"embeddable":true,"href":"https:\/\/www.lesmaconsdelacreuse.fr\/annuaires\/wp-json\/wp\/v2\/comments?post=4809"}],"version-history":[{"count":2,"href":"https:\/\/www.lesmaconsdelacreuse.fr\/annuaires\/wp-json\/wp\/v2\/posts\/4809\/revisions"}],"predecessor-version":[{"id":188950,"href":"https:\/\/www.lesmaconsdelacreuse.fr\/annuaires\/wp-json\/wp\/v2\/posts\/4809\/revisions\/188950"}],"wp:attachment":[{"href":"https:\/\/www.lesmaconsdelacreuse.fr\/annuaires\/wp-json\/wp\/v2\/media?parent=4809"}],"wp:term":[{"taxonomy":"category","embeddable":true,"href":"https:\/\/www.lesmaconsdelacreuse.fr\/annuaires\/wp-json\/wp\/v2\/categories?post=4809"},{"taxonomy":"post_tag","embeddable":true,"href":"https:\/\/www.lesmaconsdelacreuse.fr\/annuaires\/wp-json\/wp\/v2\/tags?post=4809"}],"curies":[{"name":"wp","href":"https:\/\/api.w.org\/{rel}","templated":true}]}}