{"id":4812,"date":"2019-07-28T12:10:55","date_gmt":"2019-07-28T10:10:55","guid":{"rendered":"http:\/\/lesmaconsdelacreuse.fr\/annuaire\/?p=4812"},"modified":"2020-10-14T10:44:18","modified_gmt":"2020-10-14T08:44:18","slug":"s_73","status":"publish","type":"post","link":"https:\/\/www.lesmaconsdelacreuse.fr\/annuaires\/lettre-s\/s_73\/","title":{"rendered":"SARTOUT Jacques (1847-1893)"},"content":{"rendered":"<p class=\"last-updated\"><strong>Mis \u00e0 jour le :<\/strong> 01\/05\/2026<\/p><h2 style=\"text-align: center;\"><strong>Jacques SARTOUT<\/strong><\/h2>\n<p style=\"text-align: center;\"><strong>1847 \u2013 1893<\/strong><\/p>\n<p style=\"text-align: center;\"><img decoding=\"async\" title=\"\" src=\"https:\/\/lesmaconsdelacreuse.fr\/annuaire\/wp-content\/uploads\/2019\/07\/image1-1081.jpg\" alt=\"\" data-asset-id=\"4810\" data-source-id=\"i.0\" \/><\/p>\n<h4 style=\"text-align: center;\"><span style=\"color: #008000;\"><strong>ma\u00e7on<\/strong><\/span><\/h4>\n<p>&nbsp;<\/p>\n<p style=\"text-align: center;\">n\u00e9 \u00e0 La Borderie (Saint-Moreil)<\/p>\n<p style=\"text-align: center;\">le 12 novembre 1847<\/p>\n<p style=\"text-align: center;\">fils de<\/p>\n<p style=\"text-align: center;\">Fran\u00e7ois SARTOUT,\u00a0<strong>\u25ba\u00a0<\/strong><a href=\"https:\/\/www.lesmaconsdelacreuse.fr\/annuaires\/wp-content\/uploads\/2020\/07\/MA\u00ceTRE-MA\u00c7ON.png\" target=\"_blank\" rel=\"noopener noreferrer\"><strong><span style=\"color: #008000;\">ma\u00eetre ma\u00e7on<\/span><\/strong><\/a><\/p>\n<p style=\"text-align: center;\">Catherine BRUDIEUX<\/p>\n<p style=\"text-align: center;\">propri\u00e9taires cultivateurs<\/p>\n<p style=\"text-align: center;\"><span style=\"color: #ffffff;\">\u25d9<\/span><\/p>\n<p><strong>En 1872<\/strong><em>, Jacques travaille \u00e0 <\/em><span style=\"color: #0000ff;\"><strong>Lyon (69)<\/strong><\/span><em>, et habite avec ses parents, 2, rue des Anges, 5e arrondissement.<\/em><\/p>\n<p><em>Jacques habite avec ses parents, 44, rue des chevaucheurs, lorsqu\u2019il \u00e9pouse Marie Augustine <\/em><strong>DELARD<\/strong><em>, native de Saint-Pierre-le-Bost, le 3 f\u00e9vrier <\/em><strong>1874<\/strong><em> \u00e0 Lyon 5e (contrat Vachez). <\/em><\/p>\n<p><em>Ils vivent d\u2019abord chez les parents de Jacques\u00a0;<\/em><\/p>\n<p><strong>en 1880<\/strong><em>, quartier Saint-Just, 5, chemin des Grandes Terres\u00a0;<\/em><\/p>\n<p><strong>en 1882<\/strong><em>, m\u00eame endroit, mais au 23\u00a0;<\/em><\/p>\n<p><strong>en 1883<\/strong><em>, 30, rue des Anges\u00a0;<\/em><\/p>\n<p><strong>en 1893<\/strong><em>, 4, rue des Basses Verch\u00e8res, dans le 5e.<\/em><\/p>\n<p><em>Jacques d\u00e9c\u00e8de \u00e0 cette adresse le 15 ao\u00fbt de la m\u00eame ann\u00e9e, \u00e2g\u00e9 de 45 ans.<\/em><\/p>\n<p><em>En 1902, sa veuve est blanchisseuse. <\/em><\/p>\n<p>&nbsp;<\/p>\n","protected":false},"excerpt":{"rendered":"<p>Mis \u00e0 jour le : 01\/05\/2026Jacques SARTOUT 1847 \u2013 1893 ma\u00e7on &nbsp; n\u00e9 \u00e0 La Borderie (Saint-Moreil) le 12 novembre 1847 fils de Fran\u00e7ois SARTOUT,\u00a0\u25ba\u00a0ma\u00eetre ma\u00e7on Catherine BRUDIEUX propri\u00e9taires cultivateurs \u25d9 En 1872, Jacques travaille \u00e0 Lyon (69), et habite avec ses parents, 2, rue des Anges, 5e arrondissement. Jacques habite avec ses parents, 44, ..<\/p>\n<div class=\"clear-fix\"><\/div>\n<p><a href=\"https:\/\/www.lesmaconsdelacreuse.fr\/annuaires\/lettre-s\/s_73\/\" title=\"Lire la suite...\">Lire la suite<\/a><\/p>\n","protected":false},"author":2,"featured_media":0,"comment_status":"closed","ping_status":"closed","sticky":false,"template":"","format":"standard","meta":{"_acf_changed":false,"_exactmetrics_skip_tracking":false,"_exactmetrics_sitenote_active":false,"_exactmetrics_sitenote_note":"","_exactmetrics_sitenote_category":0,"footnotes":""},"categories":[12],"tags":[],"class_list":["post-4812","post","type-post","status-publish","format-standard","hentry","category-lettre-s"],"acf":[],"_links":{"self":[{"href":"https:\/\/www.lesmaconsdelacreuse.fr\/annuaires\/wp-json\/wp\/v2\/posts\/4812","targetHints":{"allow":["GET"]}}],"collection":[{"href":"https:\/\/www.lesmaconsdelacreuse.fr\/annuaires\/wp-json\/wp\/v2\/posts"}],"about":[{"href":"https:\/\/www.lesmaconsdelacreuse.fr\/annuaires\/wp-json\/wp\/v2\/types\/post"}],"author":[{"embeddable":true,"href":"https:\/\/www.lesmaconsdelacreuse.fr\/annuaires\/wp-json\/wp\/v2\/users\/2"}],"replies":[{"embeddable":true,"href":"https:\/\/www.lesmaconsdelacreuse.fr\/annuaires\/wp-json\/wp\/v2\/comments?post=4812"}],"version-history":[{"count":0,"href":"https:\/\/www.lesmaconsdelacreuse.fr\/annuaires\/wp-json\/wp\/v2\/posts\/4812\/revisions"}],"wp:attachment":[{"href":"https:\/\/www.lesmaconsdelacreuse.fr\/annuaires\/wp-json\/wp\/v2\/media?parent=4812"}],"wp:term":[{"taxonomy":"category","embeddable":true,"href":"https:\/\/www.lesmaconsdelacreuse.fr\/annuaires\/wp-json\/wp\/v2\/categories?post=4812"},{"taxonomy":"post_tag","embeddable":true,"href":"https:\/\/www.lesmaconsdelacreuse.fr\/annuaires\/wp-json\/wp\/v2\/tags?post=4812"}],"curies":[{"name":"wp","href":"https:\/\/api.w.org\/{rel}","templated":true}]}}