{"id":4820,"date":"2019-07-28T12:10:54","date_gmt":"2019-07-28T10:10:54","guid":{"rendered":"http:\/\/lesmaconsdelacreuse.fr\/annuaire\/?p=4820"},"modified":"2020-09-30T11:34:56","modified_gmt":"2020-09-30T09:34:56","slug":"s_82","status":"publish","type":"post","link":"https:\/\/www.lesmaconsdelacreuse.fr\/annuaires\/lettre-s\/s_82\/","title":{"rendered":"SARTOUT L\u00e9onard (1837-1865)"},"content":{"rendered":"<p class=\"last-updated\"><strong>Mis \u00e0 jour le :<\/strong> 01\/05\/2026<\/p><h2 style=\"text-align: center;\"><strong>L\u00e9onard SARTOUT<\/strong><\/h2>\n<p style=\"text-align: center;\"><strong>1837 \u2013 1865<\/strong><\/p>\n<p style=\"text-align: center;\"><img decoding=\"async\" title=\"\" src=\"https:\/\/lesmaconsdelacreuse.fr\/annuaire\/wp-content\/uploads\/2019\/07\/image1-55.png\" alt=\"\" data-asset-id=\"4818\" data-source-id=\"i.0\" \/><\/p>\n<h4 style=\"text-align: center;\"><span style=\"color: #008000;\"><strong>ma\u00e7on<\/strong><\/span><\/h4>\n<p>&nbsp;<\/p>\n<p style=\"text-align: center;\">n\u00e9 au bourg de Saint-Junien-la-Breg\u00e8re<\/p>\n<p style=\"text-align: center;\">le 8 juillet 1837<\/p>\n<p style=\"text-align: center;\">fils de<\/p>\n<p style=\"text-align: center;\">L\u00e9onard SARTOUT, <span style=\"color: #008000;\"><strong>ma\u00e7on<\/strong><\/span><\/p>\n<p style=\"text-align: center;\">Marguerite OLIVIER, cultivatrice<\/p>\n<p style=\"text-align: center;\"><span style=\"color: #ffffff;\">\u25d9<\/span><\/p>\n<p><strong>En 1862<\/strong>, <em>L\u00e9onard habite Le Monteil, commune de Saint-Dizier avec son p\u00e8re.<\/em><\/p>\n<p><em>Le 24 f\u00e9vrier de la m\u00eame ann\u00e9e, il \u00e9pouse Eug\u00e9nie <\/em><strong>CHARPENTIER<\/strong><em> \u00e0 Janaillat (contrat Bonnet \u00e0 Sardent).<\/em><\/p>\n<p><strong>En 1865<\/strong><em>, L\u00e9onard <\/em><em>travaille \u00e0 <\/em><span style=\"color: #0000ff;\"><strong>Paris (75)<\/strong><\/span><em> et habite 8, rue des Pr\u00eatres Saint-\u00c9tienne.<\/em><\/p>\n<p><em> Le 18 novembre de la m\u00eame ann\u00e9e, il d\u00e9c\u00e8de \u00e0 cette adresse, \u00e2g\u00e9 de 28 ans.<\/em><\/p>\n<p>&nbsp;<\/p>\n","protected":false},"excerpt":{"rendered":"<p>Mis \u00e0 jour le : 01\/05\/2026L\u00e9onard SARTOUT 1837 \u2013 1865 ma\u00e7on &nbsp; n\u00e9 au bourg de Saint-Junien-la-Breg\u00e8re le 8 juillet 1837 fils de L\u00e9onard SARTOUT, ma\u00e7on Marguerite OLIVIER, cultivatrice \u25d9 En 1862, L\u00e9onard habite Le Monteil, commune de Saint-Dizier avec son p\u00e8re. Le 24 f\u00e9vrier de la m\u00eame ann\u00e9e, il \u00e9pouse Eug\u00e9nie CHARPENTIER \u00e0 Janaillat ..<\/p>\n<div class=\"clear-fix\"><\/div>\n<p><a href=\"https:\/\/www.lesmaconsdelacreuse.fr\/annuaires\/lettre-s\/s_82\/\" title=\"Lire la suite...\">Lire la suite<\/a><\/p>\n","protected":false},"author":2,"featured_media":0,"comment_status":"closed","ping_status":"closed","sticky":false,"template":"","format":"standard","meta":{"_acf_changed":false,"_exactmetrics_skip_tracking":false,"_exactmetrics_sitenote_active":false,"_exactmetrics_sitenote_note":"","_exactmetrics_sitenote_category":0,"footnotes":""},"categories":[12],"tags":[],"class_list":["post-4820","post","type-post","status-publish","format-standard","hentry","category-lettre-s"],"acf":[],"_links":{"self":[{"href":"https:\/\/www.lesmaconsdelacreuse.fr\/annuaires\/wp-json\/wp\/v2\/posts\/4820","targetHints":{"allow":["GET"]}}],"collection":[{"href":"https:\/\/www.lesmaconsdelacreuse.fr\/annuaires\/wp-json\/wp\/v2\/posts"}],"about":[{"href":"https:\/\/www.lesmaconsdelacreuse.fr\/annuaires\/wp-json\/wp\/v2\/types\/post"}],"author":[{"embeddable":true,"href":"https:\/\/www.lesmaconsdelacreuse.fr\/annuaires\/wp-json\/wp\/v2\/users\/2"}],"replies":[{"embeddable":true,"href":"https:\/\/www.lesmaconsdelacreuse.fr\/annuaires\/wp-json\/wp\/v2\/comments?post=4820"}],"version-history":[{"count":0,"href":"https:\/\/www.lesmaconsdelacreuse.fr\/annuaires\/wp-json\/wp\/v2\/posts\/4820\/revisions"}],"wp:attachment":[{"href":"https:\/\/www.lesmaconsdelacreuse.fr\/annuaires\/wp-json\/wp\/v2\/media?parent=4820"}],"wp:term":[{"taxonomy":"category","embeddable":true,"href":"https:\/\/www.lesmaconsdelacreuse.fr\/annuaires\/wp-json\/wp\/v2\/categories?post=4820"},{"taxonomy":"post_tag","embeddable":true,"href":"https:\/\/www.lesmaconsdelacreuse.fr\/annuaires\/wp-json\/wp\/v2\/tags?post=4820"}],"curies":[{"name":"wp","href":"https:\/\/api.w.org\/{rel}","templated":true}]}}