{"id":4821,"date":"2019-07-28T12:10:55","date_gmt":"2019-07-28T10:10:55","guid":{"rendered":"http:\/\/lesmaconsdelacreuse.fr\/annuaire\/?p=4821"},"modified":"2020-01-20T11:30:11","modified_gmt":"2020-01-20T10:30:11","slug":"s_79","status":"publish","type":"post","link":"https:\/\/www.lesmaconsdelacreuse.fr\/annuaires\/lettre-s\/s_79\/","title":{"rendered":"SARTOUT L\u00e9onard (1806-apr\u00e8s 1862)"},"content":{"rendered":"<p class=\"last-updated\"><strong>Mis \u00e0 jour le :<\/strong> 01\/05\/2026<\/p><h2 style=\"text-align: center;\"><strong>L\u00e9onard SARTOUT<\/strong><\/h2>\n<p style=\"text-align: center;\"><strong>Martial SARTOUT<\/strong><\/p>\n<p style=\"text-align: center;\"><strong>1806 \u2013 apr\u00e8s 1862<\/strong><\/p>\n<p style=\"text-align: center;\"><img decoding=\"async\" title=\"\" src=\"https:\/\/lesmaconsdelacreuse.fr\/annuaire\/wp-content\/uploads\/2019\/07\/image1-1083.jpg\" alt=\"\" data-asset-id=\"4819\" data-source-id=\"i.0\" \/><\/p>\n<h4 style=\"text-align: center;\"><span style=\"color: #008000;\"><strong>ma\u00e7on <\/strong>et<strong> cultivateur<\/strong><\/span><\/h4>\n<p style=\"text-align: center;\">n\u00e9 au Pommier (Saint-Moreil)<\/p>\n<p style=\"text-align: center;\">le 26 janvier 1806<\/p>\n<p style=\"text-align: center;\">fils de<\/p>\n<p style=\"text-align: center;\">L\u00e9onard SARTOUT \/ Anne BR\u00c9CHOUT<\/p>\n<p style=\"text-align: center;\">cultivateurs<\/p>\n<p style=\"text-align: center;\"><span style=\"color: #ffffff;\">\u25d9<\/span><\/p>\n<p><em>L\u00e9onard \u00e9pouse Marguerite <\/em><strong>OLIVIER<\/strong><em> le 28 janvier <\/em><strong>1830<\/strong><em> \u00e0 Saint-Martin-Ch\u00e2teau. Le couple habite Lansade. <\/em><\/p>\n<p><em>Marguerite d\u00e9c\u00e8de \u00e0 Aug\u00e8res, commune de Faux-Mazuras, le 13 mai <\/em><strong>1847<\/strong><em><strong>,<\/strong> \u00e2g\u00e9e de 33 ans. <\/em><\/p>\n<p><em>L\u00e9onard se remarie le 8 novembre de la m\u00eame ann\u00e9e \u00e0 Saint-Pierre-le-Bost avec Jeanne <\/em><strong>CHATOUX<\/strong><em>.<\/em><\/p>\n<p><strong>En 1862<\/strong><em>, il habite Le Monteil, commune de Saint-Dizier.<\/em><\/p>\n","protected":false},"excerpt":{"rendered":"<p>Mis \u00e0 jour le : 01\/05\/2026L\u00e9onard SARTOUT Martial SARTOUT 1806 \u2013 apr\u00e8s 1862 ma\u00e7on et cultivateur n\u00e9 au Pommier (Saint-Moreil) le 26 janvier 1806 fils de L\u00e9onard SARTOUT \/ Anne BR\u00c9CHOUT cultivateurs \u25d9 L\u00e9onard \u00e9pouse Marguerite OLIVIER le 28 janvier 1830 \u00e0 Saint-Martin-Ch\u00e2teau. Le couple habite Lansade. Marguerite d\u00e9c\u00e8de \u00e0 Aug\u00e8res, commune de Faux-Mazuras, le ..<\/p>\n<div class=\"clear-fix\"><\/div>\n<p><a href=\"https:\/\/www.lesmaconsdelacreuse.fr\/annuaires\/lettre-s\/s_79\/\" title=\"Lire la suite...\">Lire la suite<\/a><\/p>\n","protected":false},"author":2,"featured_media":0,"comment_status":"closed","ping_status":"closed","sticky":false,"template":"","format":"standard","meta":{"_acf_changed":false,"_exactmetrics_skip_tracking":false,"_exactmetrics_sitenote_active":false,"_exactmetrics_sitenote_note":"","_exactmetrics_sitenote_category":0,"footnotes":""},"categories":[12],"tags":[],"class_list":["post-4821","post","type-post","status-publish","format-standard","hentry","category-lettre-s"],"acf":[],"_links":{"self":[{"href":"https:\/\/www.lesmaconsdelacreuse.fr\/annuaires\/wp-json\/wp\/v2\/posts\/4821","targetHints":{"allow":["GET"]}}],"collection":[{"href":"https:\/\/www.lesmaconsdelacreuse.fr\/annuaires\/wp-json\/wp\/v2\/posts"}],"about":[{"href":"https:\/\/www.lesmaconsdelacreuse.fr\/annuaires\/wp-json\/wp\/v2\/types\/post"}],"author":[{"embeddable":true,"href":"https:\/\/www.lesmaconsdelacreuse.fr\/annuaires\/wp-json\/wp\/v2\/users\/2"}],"replies":[{"embeddable":true,"href":"https:\/\/www.lesmaconsdelacreuse.fr\/annuaires\/wp-json\/wp\/v2\/comments?post=4821"}],"version-history":[{"count":0,"href":"https:\/\/www.lesmaconsdelacreuse.fr\/annuaires\/wp-json\/wp\/v2\/posts\/4821\/revisions"}],"wp:attachment":[{"href":"https:\/\/www.lesmaconsdelacreuse.fr\/annuaires\/wp-json\/wp\/v2\/media?parent=4821"}],"wp:term":[{"taxonomy":"category","embeddable":true,"href":"https:\/\/www.lesmaconsdelacreuse.fr\/annuaires\/wp-json\/wp\/v2\/categories?post=4821"},{"taxonomy":"post_tag","embeddable":true,"href":"https:\/\/www.lesmaconsdelacreuse.fr\/annuaires\/wp-json\/wp\/v2\/tags?post=4821"}],"curies":[{"name":"wp","href":"https:\/\/api.w.org\/{rel}","templated":true}]}}