{"id":4823,"date":"2019-07-28T12:10:54","date_gmt":"2019-07-28T10:10:54","guid":{"rendered":"http:\/\/lesmaconsdelacreuse.fr\/annuaire\/?p=4823"},"modified":"2022-06-08T10:35:59","modified_gmt":"2022-06-08T08:35:59","slug":"s_83","status":"publish","type":"post","link":"https:\/\/www.lesmaconsdelacreuse.fr\/annuaires\/lettre-s\/s_83\/","title":{"rendered":"SARTOUT L\u00e9onard (1852-apr\u00e8s 1898)"},"content":{"rendered":"<p class=\"last-updated\"><strong>Mis \u00e0 jour le :<\/strong> 01\/05\/2026<\/p><h2 style=\"text-align: center;\"><strong>L\u00e9onard SARTOUT<\/strong><\/h2>\n<p style=\"text-align: center;\"><strong>1852 \u2013 apr\u00e8s 1898<\/strong><\/p>\n<p><a href=\"https:\/\/www.lesmaconsdelacreuse.fr\/annuaires\/wp-content\/uploads\/2019\/07\/SARTOUT-Leonard-1852.jpg\"><img loading=\"lazy\" decoding=\"async\" class=\"size-full wp-image-200211 aligncenter\" src=\"https:\/\/www.lesmaconsdelacreuse.fr\/annuaires\/wp-content\/uploads\/2019\/07\/SARTOUT-Leonard-1852.jpg\" alt=\"\" width=\"160\" height=\"54\" srcset=\"https:\/\/www.lesmaconsdelacreuse.fr\/annuaires\/wp-content\/uploads\/2019\/07\/SARTOUT-Leonard-1852.jpg 160w, https:\/\/www.lesmaconsdelacreuse.fr\/annuaires\/wp-content\/uploads\/2019\/07\/SARTOUT-Leonard-1852-16x5.jpg 16w, https:\/\/www.lesmaconsdelacreuse.fr\/annuaires\/wp-content\/uploads\/2019\/07\/SARTOUT-Leonard-1852-150x51.jpg 150w\" sizes=\"auto, (max-width: 160px) 100vw, 160px\" \/><\/a><\/p>\n<h4 style=\"text-align: center;\"><span style=\"color: #008000;\">probablement<strong> ma\u00e7on; <\/strong><strong>cultivateur<\/strong><\/span><\/h4>\n<p style=\"text-align: center;\">n\u00e9 au Ch\u00e2tain (Saint-Moreil)<\/p>\n<p style=\"text-align: center;\">le 27 janvier 1852<\/p>\n<p style=\"text-align: center;\">fils de<\/p>\n<p style=\"text-align: center;\">Jacques SARTOUT \/ Marie LEBRUN<\/p>\n<p style=\"text-align: center;\">cultivateurs<\/p>\n<p style=\"text-align: center;\"><span style=\"color: #ffffff;\">\u25d9<\/span><\/p>\n<p><strong>En 1873<\/strong><em>, L\u00e9onard passe le conseil de r\u00e9vision en Creuse.<\/em><\/p>\n<p><em>Il \u00e9pouse Marie<\/em> <strong>LARNAUD<\/strong><em>, cultivatrice, le 21 mars <\/em><strong>1876<\/strong><em> \u00e0 Saint-Moreil (contrat Va\u00efsse \u00e0 Bourganeuf).<\/em><\/p>\n<p><em>\u00a0<\/em><em>Ils habitent Ch\u00e2tain.<\/em><\/p>\n<p><strong>\u00a0En 1882<\/strong><em>, L\u00e9onard passe au recrutement de la <\/em><span style=\"color: #0000ff;\"><strong>Seine<\/strong><\/span><em>.<\/em><\/p>\n<p><em>A une \u00e9poque, il habite <\/em><strong><span style=\"color: #0000ff;\">Paris (75)<\/span>,<\/strong><em> 20, rue Roussel.<\/em><\/p>\n","protected":false},"excerpt":{"rendered":"<p>Mis \u00e0 jour le : 01\/05\/2026L\u00e9onard SARTOUT 1852 \u2013 apr\u00e8s 1898 probablement ma\u00e7on; cultivateur n\u00e9 au Ch\u00e2tain (Saint-Moreil) le 27 janvier 1852 fils de Jacques SARTOUT \/ Marie LEBRUN cultivateurs \u25d9 En 1873, L\u00e9onard passe le conseil de r\u00e9vision en Creuse. Il \u00e9pouse Marie LARNAUD, cultivatrice, le 21 mars 1876 \u00e0 Saint-Moreil (contrat Va\u00efsse \u00e0 ..<\/p>\n<div class=\"clear-fix\"><\/div>\n<p><a href=\"https:\/\/www.lesmaconsdelacreuse.fr\/annuaires\/lettre-s\/s_83\/\" title=\"Lire la suite...\">Lire la suite<\/a><\/p>\n","protected":false},"author":2,"featured_media":0,"comment_status":"closed","ping_status":"closed","sticky":false,"template":"","format":"standard","meta":{"_acf_changed":false,"_exactmetrics_skip_tracking":false,"_exactmetrics_sitenote_active":false,"_exactmetrics_sitenote_note":"","_exactmetrics_sitenote_category":0,"footnotes":""},"categories":[12],"tags":[],"class_list":["post-4823","post","type-post","status-publish","format-standard","hentry","category-lettre-s"],"acf":[],"_links":{"self":[{"href":"https:\/\/www.lesmaconsdelacreuse.fr\/annuaires\/wp-json\/wp\/v2\/posts\/4823","targetHints":{"allow":["GET"]}}],"collection":[{"href":"https:\/\/www.lesmaconsdelacreuse.fr\/annuaires\/wp-json\/wp\/v2\/posts"}],"about":[{"href":"https:\/\/www.lesmaconsdelacreuse.fr\/annuaires\/wp-json\/wp\/v2\/types\/post"}],"author":[{"embeddable":true,"href":"https:\/\/www.lesmaconsdelacreuse.fr\/annuaires\/wp-json\/wp\/v2\/users\/2"}],"replies":[{"embeddable":true,"href":"https:\/\/www.lesmaconsdelacreuse.fr\/annuaires\/wp-json\/wp\/v2\/comments?post=4823"}],"version-history":[{"count":3,"href":"https:\/\/www.lesmaconsdelacreuse.fr\/annuaires\/wp-json\/wp\/v2\/posts\/4823\/revisions"}],"predecessor-version":[{"id":200212,"href":"https:\/\/www.lesmaconsdelacreuse.fr\/annuaires\/wp-json\/wp\/v2\/posts\/4823\/revisions\/200212"}],"wp:attachment":[{"href":"https:\/\/www.lesmaconsdelacreuse.fr\/annuaires\/wp-json\/wp\/v2\/media?parent=4823"}],"wp:term":[{"taxonomy":"category","embeddable":true,"href":"https:\/\/www.lesmaconsdelacreuse.fr\/annuaires\/wp-json\/wp\/v2\/categories?post=4823"},{"taxonomy":"post_tag","embeddable":true,"href":"https:\/\/www.lesmaconsdelacreuse.fr\/annuaires\/wp-json\/wp\/v2\/tags?post=4823"}],"curies":[{"name":"wp","href":"https:\/\/api.w.org\/{rel}","templated":true}]}}