{"id":4825,"date":"2019-07-28T12:10:54","date_gmt":"2019-07-28T10:10:54","guid":{"rendered":"http:\/\/lesmaconsdelacreuse.fr\/annuaire\/?p=4825"},"modified":"2020-01-20T11:30:12","modified_gmt":"2020-01-20T10:30:12","slug":"s_89","status":"publish","type":"post","link":"https:\/\/www.lesmaconsdelacreuse.fr\/annuaires\/lettre-s\/s_89\/","title":{"rendered":"SARU Jean (1812-1878)"},"content":{"rendered":"<p class=\"last-updated\"><strong>Mis \u00e0 jour le :<\/strong> 01\/05\/2026<\/p><h2 style=\"text-align: center;\"><strong>Jean SARU<\/strong><\/h2>\n<p style=\"text-align: center;\"><strong>1812 \u2013 1878<\/strong><\/p>\n<p style=\"text-align: center;\"><img decoding=\"async\" title=\"\" src=\"https:\/\/lesmaconsdelacreuse.fr\/annuaire\/wp-content\/uploads\/2019\/07\/image1-1084.jpg\" alt=\"\" data-asset-id=\"4822\" data-source-id=\"i.0\" \/><\/p>\n<h4 style=\"text-align: center;\"><span style=\"color: #008000;\"><strong>ma\u00e7on <\/strong>et<strong> cultivateur<\/strong><\/span><\/h4>\n<p style=\"text-align: center;\">n\u00e9 au Bosbeys (Peyrat-le-Ch\u00e2teau &#8211; 87)<\/p>\n<p style=\"text-align: center;\">le 4 avril 1812<\/p>\n<p style=\"text-align: center;\">fils de<\/p>\n<p style=\"text-align: center;\">Martin SARU \/ Catherine CHANTOURY<\/p>\n<p style=\"text-align: center;\">cultivateurs<\/p>\n<p style=\"text-align: center;\"><span style=\"color: #ffffff;\">\u25d9<\/span><\/p>\n<p><em>Jean habite Bord (Saint-Pardoux-Lavaud) avec son p\u00e8re, lorsqu\u2019il \u00e9pouse Marie <\/em><strong>MONTLARON <\/strong><em>le 16 novembre <\/em><strong>1836<\/strong><em> \u00e0 Saint-Moreil. En premier, ils habitent Bord. <\/em><\/p>\n<p><strong>En 1856<\/strong><em>, ils sont \u00e0 <\/em><span style=\"color: #0000ff;\"><strong>Lyon (69)<\/strong><\/span><em>, 12, rue Moncey. <\/em><\/p>\n<p><em>Marie d\u00e9c\u00e8de \u00e0 Bord le 26 mars <\/em><strong>1861<\/strong><em>, \u00e2g\u00e9e de 45 ans.<\/em><\/p>\n<p><em>Jean se remarie le 5 novembre <\/em><strong>1865<\/strong><em> \u00e0 Saint-Martin-Ch\u00e2teau avec Anne <\/em><strong>GENSANETAS<\/strong><em> (mari\u00e9s sans contrat).<\/em><\/p>\n<p><em> Il d\u00e9c\u00e8de \u00e0 La Villatte, commune de Saint-Pierre-le-Bost, le 17 novembre <\/em><strong>1878<\/strong><em>, \u00e2g\u00e9 de 66 ans.<\/em><\/p>\n","protected":false},"excerpt":{"rendered":"<p>Mis \u00e0 jour le : 01\/05\/2026Jean SARU 1812 \u2013 1878 ma\u00e7on et cultivateur n\u00e9 au Bosbeys (Peyrat-le-Ch\u00e2teau &#8211; 87) le 4 avril 1812 fils de Martin SARU \/ Catherine CHANTOURY cultivateurs \u25d9 Jean habite Bord (Saint-Pardoux-Lavaud) avec son p\u00e8re, lorsqu\u2019il \u00e9pouse Marie MONTLARON le 16 novembre 1836 \u00e0 Saint-Moreil. En premier, ils habitent Bord. En ..<\/p>\n<div class=\"clear-fix\"><\/div>\n<p><a href=\"https:\/\/www.lesmaconsdelacreuse.fr\/annuaires\/lettre-s\/s_89\/\" title=\"Lire la suite...\">Lire la suite<\/a><\/p>\n","protected":false},"author":2,"featured_media":0,"comment_status":"closed","ping_status":"closed","sticky":false,"template":"","format":"standard","meta":{"_acf_changed":false,"_exactmetrics_skip_tracking":false,"_exactmetrics_sitenote_active":false,"_exactmetrics_sitenote_note":"","_exactmetrics_sitenote_category":0,"footnotes":""},"categories":[12],"tags":[],"class_list":["post-4825","post","type-post","status-publish","format-standard","hentry","category-lettre-s"],"acf":[],"_links":{"self":[{"href":"https:\/\/www.lesmaconsdelacreuse.fr\/annuaires\/wp-json\/wp\/v2\/posts\/4825","targetHints":{"allow":["GET"]}}],"collection":[{"href":"https:\/\/www.lesmaconsdelacreuse.fr\/annuaires\/wp-json\/wp\/v2\/posts"}],"about":[{"href":"https:\/\/www.lesmaconsdelacreuse.fr\/annuaires\/wp-json\/wp\/v2\/types\/post"}],"author":[{"embeddable":true,"href":"https:\/\/www.lesmaconsdelacreuse.fr\/annuaires\/wp-json\/wp\/v2\/users\/2"}],"replies":[{"embeddable":true,"href":"https:\/\/www.lesmaconsdelacreuse.fr\/annuaires\/wp-json\/wp\/v2\/comments?post=4825"}],"version-history":[{"count":0,"href":"https:\/\/www.lesmaconsdelacreuse.fr\/annuaires\/wp-json\/wp\/v2\/posts\/4825\/revisions"}],"wp:attachment":[{"href":"https:\/\/www.lesmaconsdelacreuse.fr\/annuaires\/wp-json\/wp\/v2\/media?parent=4825"}],"wp:term":[{"taxonomy":"category","embeddable":true,"href":"https:\/\/www.lesmaconsdelacreuse.fr\/annuaires\/wp-json\/wp\/v2\/categories?post=4825"},{"taxonomy":"post_tag","embeddable":true,"href":"https:\/\/www.lesmaconsdelacreuse.fr\/annuaires\/wp-json\/wp\/v2\/tags?post=4825"}],"curies":[{"name":"wp","href":"https:\/\/api.w.org\/{rel}","templated":true}]}}