{"id":4826,"date":"2019-07-28T12:10:53","date_gmt":"2019-07-28T10:10:53","guid":{"rendered":"http:\/\/lesmaconsdelacreuse.fr\/annuaire\/?p=4826"},"modified":"2020-10-14T10:46:30","modified_gmt":"2020-10-14T08:46:30","slug":"s_70","status":"publish","type":"post","link":"https:\/\/www.lesmaconsdelacreuse.fr\/annuaires\/lettre-s\/s_70\/","title":{"rendered":"SARTOUT Fran\u00e7ois (1821-1877)"},"content":{"rendered":"<p class=\"last-updated\"><strong>Mis \u00e0 jour le :<\/strong> 01\/05\/2026<\/p><h2 style=\"text-align: center;\"><strong>Fran\u00e7ois SARTOUT<\/strong><\/h2>\n<p style=\"text-align: center;\"><strong>1821 \u2013 1877<\/strong><\/p>\n<p style=\"text-align: center;\"><img decoding=\"async\" title=\"\" src=\"https:\/\/lesmaconsdelacreuse.fr\/annuaire\/wp-content\/uploads\/2019\/07\/image1-1085.jpg\" alt=\"\" data-asset-id=\"4824\" data-source-id=\"i.0\" \/><\/p>\n<h4 style=\"text-align: center;\"><strong>\u25ba\u00a0<\/strong><a href=\"https:\/\/www.lesmaconsdelacreuse.fr\/annuaires\/wp-content\/uploads\/2020\/07\/MA\u00ceTRE-MA\u00c7ON.png\" target=\"_blank\" rel=\"noopener noreferrer\"><strong><span style=\"color: #008000;\">ma\u00eetre ma\u00e7on<\/span><\/strong><\/a><a href=\"https:\/\/www.lesmaconsdelacreuse.fr\/annuaires\/\/wp-content\/uploads\/LEXIQUE\/MAITRE-MACON.pdf\" target=\"_blank\" rel=\"noopener noreferrer\"><span style=\"color: #008000;\">\u00a0<\/span><\/a><span style=\"color: #008000;\">et <strong>propri\u00e9taire cultivateur<\/strong><\/span><\/h4>\n<p>&nbsp;<\/p>\n<p style=\"text-align: center;\">n\u00e9 \u00e0 Pont (Saint-Martin-Ch\u00e2teau)<\/p>\n<p style=\"text-align: center;\">le 23 juin 1821<\/p>\n<p style=\"text-align: center;\">fils de<\/p>\n<p style=\"text-align: center;\">Guillaume SARTOUT \/ Catherine BRUDIEUX<\/p>\n<p style=\"text-align: center;\">cultivateurs<\/p>\n<p style=\"text-align: center;\"><span style=\"color: #ffffff;\">\u25d9<\/span><\/p>\n<p><strong>En 1842<\/strong><em>, Fran\u00e7ois est dispens\u00e9 de service militaire pour d\u00e9faut de taille (1m54).<\/em><\/p>\n<p><em>Il \u00e9pouse Catherine <\/em><strong>BRUDIEUX <\/strong><em>(sic)<\/em> <em>le 9 f\u00e9vrier <\/em><strong>1847<\/strong><em> \u00e0 Saint-Moreil (contrat JB Junien Faure \u00e0 Saint-Martin-Ch\u00e2teau). Ils habitent d\u2019abord La Borderie, commune de Saint-Moreil. <\/em><\/p>\n<p><em>Le 31 d\u00e9cembre <\/em><strong>1865<\/strong><em>, ils testent tous deux devant Me Magadoux de Saint-Martin.<\/em><\/p>\n<p><strong>En 1872<\/strong><em><strong>,<\/strong> ils habitent <\/em><span style=\"color: #0000ff;\"><strong>Lyon (69)<\/strong><\/span><em>, 2, rue des Anges, 5e arrondissement\u00a0;<\/em><\/p>\n<p><strong>en 1873<\/strong><em>, 111, chemin de Choulans, m\u00eame arrondissement\u00a0;<\/em><\/p>\n<p><strong>en 1874<\/strong><em>, 44, rue des Chevaucheurs, m\u00eame arrondissement. <\/em><\/p>\n<p><strong>En 1877<\/strong><em>, ils sont retir\u00e9s \u00e0 Buze, commune de Saint-Pardoux-Lavaud.<\/em><\/p>\n<p><em> Ils y d\u00e9c\u00e8dent\u00a0:<\/em><\/p>\n<ul>\n<li><em>Catherine, le 4 f\u00e9vrier <\/em><strong>1877<\/strong>,<em> \u00e2g\u00e9e de 48 ans<\/em><\/li>\n<li><em>Fran\u00e7ois, le 20 ao\u00fbt de la m\u00eame ann\u00e9e, \u00e2g\u00e9 de 56 ans<\/em><\/li>\n<\/ul>\n<p>&nbsp;<\/p>\n","protected":false},"excerpt":{"rendered":"<p>Mis \u00e0 jour le : 01\/05\/2026Fran\u00e7ois SARTOUT 1821 \u2013 1877 \u25ba\u00a0ma\u00eetre ma\u00e7on\u00a0et propri\u00e9taire cultivateur &nbsp; n\u00e9 \u00e0 Pont (Saint-Martin-Ch\u00e2teau) le 23 juin 1821 fils de Guillaume SARTOUT \/ Catherine BRUDIEUX cultivateurs \u25d9 En 1842, Fran\u00e7ois est dispens\u00e9 de service militaire pour d\u00e9faut de taille (1m54). Il \u00e9pouse Catherine BRUDIEUX (sic) le 9 f\u00e9vrier 1847 \u00e0 ..<\/p>\n<div class=\"clear-fix\"><\/div>\n<p><a href=\"https:\/\/www.lesmaconsdelacreuse.fr\/annuaires\/lettre-s\/s_70\/\" title=\"Lire la suite...\">Lire la suite<\/a><\/p>\n","protected":false},"author":2,"featured_media":0,"comment_status":"closed","ping_status":"closed","sticky":false,"template":"","format":"standard","meta":{"_acf_changed":false,"_exactmetrics_skip_tracking":false,"_exactmetrics_sitenote_active":false,"_exactmetrics_sitenote_note":"","_exactmetrics_sitenote_category":0,"footnotes":""},"categories":[12],"tags":[],"class_list":["post-4826","post","type-post","status-publish","format-standard","hentry","category-lettre-s"],"acf":[],"_links":{"self":[{"href":"https:\/\/www.lesmaconsdelacreuse.fr\/annuaires\/wp-json\/wp\/v2\/posts\/4826","targetHints":{"allow":["GET"]}}],"collection":[{"href":"https:\/\/www.lesmaconsdelacreuse.fr\/annuaires\/wp-json\/wp\/v2\/posts"}],"about":[{"href":"https:\/\/www.lesmaconsdelacreuse.fr\/annuaires\/wp-json\/wp\/v2\/types\/post"}],"author":[{"embeddable":true,"href":"https:\/\/www.lesmaconsdelacreuse.fr\/annuaires\/wp-json\/wp\/v2\/users\/2"}],"replies":[{"embeddable":true,"href":"https:\/\/www.lesmaconsdelacreuse.fr\/annuaires\/wp-json\/wp\/v2\/comments?post=4826"}],"version-history":[{"count":0,"href":"https:\/\/www.lesmaconsdelacreuse.fr\/annuaires\/wp-json\/wp\/v2\/posts\/4826\/revisions"}],"wp:attachment":[{"href":"https:\/\/www.lesmaconsdelacreuse.fr\/annuaires\/wp-json\/wp\/v2\/media?parent=4826"}],"wp:term":[{"taxonomy":"category","embeddable":true,"href":"https:\/\/www.lesmaconsdelacreuse.fr\/annuaires\/wp-json\/wp\/v2\/categories?post=4826"},{"taxonomy":"post_tag","embeddable":true,"href":"https:\/\/www.lesmaconsdelacreuse.fr\/annuaires\/wp-json\/wp\/v2\/tags?post=4826"}],"curies":[{"name":"wp","href":"https:\/\/api.w.org\/{rel}","templated":true}]}}