{"id":4835,"date":"2019-07-28T12:10:51","date_gmt":"2019-07-28T10:10:51","guid":{"rendered":"http:\/\/lesmaconsdelacreuse.fr\/annuaire\/?p=4835"},"modified":"2020-01-20T11:30:12","modified_gmt":"2020-01-20T10:30:12","slug":"s_58","status":"publish","type":"post","link":"https:\/\/www.lesmaconsdelacreuse.fr\/annuaires\/lettre-s\/s_58\/","title":{"rendered":"SAPANET Jean (1837-1895)"},"content":{"rendered":"<p class=\"last-updated\"><strong>Mis \u00e0 jour le :<\/strong> 01\/05\/2026<\/p><h2 style=\"text-align: center;\"><strong>Jean SAPANET<\/strong><\/h2>\n<p style=\"text-align: center;\"><strong>1837 \u2013 1895<\/strong><\/p>\n<p style=\"text-align: center;\"><img decoding=\"async\" title=\"\" src=\"https:\/\/lesmaconsdelacreuse.fr\/annuaire\/wp-content\/uploads\/2019\/07\/image1-1088.jpg\" alt=\"\" data-asset-id=\"4833\" data-source-id=\"i.0\" \/><\/p>\n<h4 style=\"text-align: center;\"><span style=\"color: #008000;\"><strong>ma\u00e7on<\/strong><\/span><\/h4>\n<p style=\"text-align: center;\">n\u00e9 \u00e0 Rieublanc (Morterolles),<\/p>\n<p style=\"text-align: center;\">le 15 septembre 1837<\/p>\n<p style=\"text-align: center;\">fils de<\/p>\n<p style=\"text-align: center;\">Jean SAPANET,<span style=\"color: #008000;\"> <strong>ma\u00e7on \/ <\/strong><\/span>Jeanne MALDENT<\/p>\n<p style=\"text-align: center;\">propri\u00e9taires cultivateurs<\/p>\n<p style=\"text-align: center;\"><span style=\"color: #ffffff;\">\u25d9<\/span><\/p>\n<p><strong>En 1858<\/strong><em>, Jean travaille dans le <\/em><span style=\"color: #0000ff;\"><strong>Rh\u00f4ne (69)<\/strong><\/span><em> et y passe le conseil de r\u00e9vision.<\/em><\/p>\n<p><em> Il \u00e9pouse Jeanne <\/em><strong>LEFORT<\/strong><em> le 17 mars <\/em><strong>1863<\/strong><em> \u00e0 Morterolles (contrat Vigier \u00e0 Valli\u00e8re). Les \u00e9poux vivent \u00e0 Rieublanc.<\/em><\/p>\n<p><strong>En 1868 et 1872<\/strong>,<em> Jean travaille toujours \u00e0 Lyon.<\/em><\/p>\n<p><em>Ils d\u00e9c\u00e8dent \u00e0 Bourganeuf\u00a0:<\/em><\/p>\n<ul>\n<li><em>Jeanne, le 22 janvier <\/em><strong>1885<\/strong><em>, \u00e2g\u00e9e de 48 ans<\/em><\/li>\n<li><em>Jean, le 2 janvier <\/em><strong>1895<\/strong><em>, \u00e2g\u00e9 de 57 ans<\/em><\/li>\n<\/ul>\n","protected":false},"excerpt":{"rendered":"<p>Mis \u00e0 jour le : 01\/05\/2026Jean SAPANET 1837 \u2013 1895 ma\u00e7on n\u00e9 \u00e0 Rieublanc (Morterolles), le 15 septembre 1837 fils de Jean SAPANET, ma\u00e7on \/ Jeanne MALDENT propri\u00e9taires cultivateurs \u25d9 En 1858, Jean travaille dans le Rh\u00f4ne (69) et y passe le conseil de r\u00e9vision. Il \u00e9pouse Jeanne LEFORT le 17 mars 1863 \u00e0 Morterolles ..<\/p>\n<div class=\"clear-fix\"><\/div>\n<p><a href=\"https:\/\/www.lesmaconsdelacreuse.fr\/annuaires\/lettre-s\/s_58\/\" title=\"Lire la suite...\">Lire la suite<\/a><\/p>\n","protected":false},"author":2,"featured_media":0,"comment_status":"closed","ping_status":"closed","sticky":false,"template":"","format":"standard","meta":{"_acf_changed":false,"_exactmetrics_skip_tracking":false,"_exactmetrics_sitenote_active":false,"_exactmetrics_sitenote_note":"","_exactmetrics_sitenote_category":0,"footnotes":""},"categories":[12],"tags":[],"class_list":["post-4835","post","type-post","status-publish","format-standard","hentry","category-lettre-s"],"acf":[],"_links":{"self":[{"href":"https:\/\/www.lesmaconsdelacreuse.fr\/annuaires\/wp-json\/wp\/v2\/posts\/4835","targetHints":{"allow":["GET"]}}],"collection":[{"href":"https:\/\/www.lesmaconsdelacreuse.fr\/annuaires\/wp-json\/wp\/v2\/posts"}],"about":[{"href":"https:\/\/www.lesmaconsdelacreuse.fr\/annuaires\/wp-json\/wp\/v2\/types\/post"}],"author":[{"embeddable":true,"href":"https:\/\/www.lesmaconsdelacreuse.fr\/annuaires\/wp-json\/wp\/v2\/users\/2"}],"replies":[{"embeddable":true,"href":"https:\/\/www.lesmaconsdelacreuse.fr\/annuaires\/wp-json\/wp\/v2\/comments?post=4835"}],"version-history":[{"count":0,"href":"https:\/\/www.lesmaconsdelacreuse.fr\/annuaires\/wp-json\/wp\/v2\/posts\/4835\/revisions"}],"wp:attachment":[{"href":"https:\/\/www.lesmaconsdelacreuse.fr\/annuaires\/wp-json\/wp\/v2\/media?parent=4835"}],"wp:term":[{"taxonomy":"category","embeddable":true,"href":"https:\/\/www.lesmaconsdelacreuse.fr\/annuaires\/wp-json\/wp\/v2\/categories?post=4835"},{"taxonomy":"post_tag","embeddable":true,"href":"https:\/\/www.lesmaconsdelacreuse.fr\/annuaires\/wp-json\/wp\/v2\/tags?post=4835"}],"curies":[{"name":"wp","href":"https:\/\/api.w.org\/{rel}","templated":true}]}}