{"id":4837,"date":"2019-07-28T12:10:50","date_gmt":"2019-07-28T10:10:50","guid":{"rendered":"http:\/\/lesmaconsdelacreuse.fr\/annuaire\/?p=4837"},"modified":"2020-01-20T11:30:13","modified_gmt":"2020-01-20T10:30:13","slug":"s_63","status":"publish","type":"post","link":"https:\/\/www.lesmaconsdelacreuse.fr\/annuaires\/lettre-s\/s_63\/","title":{"rendered":"SAPANET Lucien (1850-1910)"},"content":{"rendered":"<p class=\"last-updated\"><strong>Mis \u00e0 jour le :<\/strong> 01\/05\/2026<\/p><h2 style=\"text-align: center;\"><strong>Lucien SAPANET<\/strong><\/h2>\n<p style=\"text-align: center;\"><strong>1850 \u2013 1910<\/strong><\/p>\n<p style=\"text-align: center;\"><img decoding=\"async\" title=\"\" src=\"https:\/\/lesmaconsdelacreuse.fr\/annuaire\/wp-content\/uploads\/2019\/07\/image1-1089.jpg\" alt=\"\" data-asset-id=\"4832\" data-source-id=\"i.0\" \/><\/p>\n<h4 style=\"text-align: center;\"><span style=\"color: #008000;\"><strong>ma\u00e7on <\/strong>puis <strong>menuisier<\/strong><\/span><\/h4>\n<p style=\"text-align: center;\">n\u00e9 au Planchadeau (Saint-Pierre-le-Bost)<\/p>\n<p style=\"text-align: center;\">le 7 octobre 1850<\/p>\n<p style=\"text-align: center;\">fils de<\/p>\n<p style=\"text-align: center;\">L\u00e9onard Damien SAPANET, <span style=\"color: #008000;\"><strong>ma\u00e7on \/ <\/strong><\/span>Catherine BAUDY<\/p>\n<p style=\"text-align: center;\">propri\u00e9taires cultivateurs<\/p>\n<p style=\"text-align: center;\"><span style=\"color: #ffffff;\">\u25d9<\/span><\/p>\n<p><strong>En 1871<\/strong><em>, <\/em><span style=\"color: #0000ff;\"><strong>ma\u00e7on<\/strong><\/span><em>, Lucien est exempt\u00e9 de service militaire pour d\u00e9faut de taille.<\/em><\/p>\n<p><em>Il \u00e9pouse Victorine <\/em><strong>CHASSIN <\/strong><em>le 2 d\u00e9cembre <\/em><strong>1876<\/strong><em> \u00e0 Saint-Pierre (contrat Laville au Monteil-au-Vicomte).<\/em><\/p>\n<p><em> Ils habitent La Villatte, commune de Saint-Pierre.<\/em><\/p>\n<p><em>Ils y d\u00e9c\u00e8dent\u00a0:<\/em><\/p>\n<ul>\n<li><em>Victorine, le 31 mai <\/em><strong>1905<\/strong><em>, \u00e2g\u00e9e de 48 ans<\/em><\/li>\n<li><em>Lucien, le 21 juillet <\/em><strong>1910<\/strong><em>, \u00e2g\u00e9 de 59 ans<\/em><\/li>\n<\/ul>\n","protected":false},"excerpt":{"rendered":"<p>Mis \u00e0 jour le : 01\/05\/2026Lucien SAPANET 1850 \u2013 1910 ma\u00e7on puis menuisier n\u00e9 au Planchadeau (Saint-Pierre-le-Bost) le 7 octobre 1850 fils de L\u00e9onard Damien SAPANET, ma\u00e7on \/ Catherine BAUDY propri\u00e9taires cultivateurs \u25d9 En 1871, ma\u00e7on, Lucien est exempt\u00e9 de service militaire pour d\u00e9faut de taille. Il \u00e9pouse Victorine CHASSIN le 2 d\u00e9cembre 1876 \u00e0 ..<\/p>\n<div class=\"clear-fix\"><\/div>\n<p><a href=\"https:\/\/www.lesmaconsdelacreuse.fr\/annuaires\/lettre-s\/s_63\/\" title=\"Lire la suite...\">Lire la suite<\/a><\/p>\n","protected":false},"author":2,"featured_media":0,"comment_status":"closed","ping_status":"closed","sticky":false,"template":"","format":"standard","meta":{"_acf_changed":false,"_exactmetrics_skip_tracking":false,"_exactmetrics_sitenote_active":false,"_exactmetrics_sitenote_note":"","_exactmetrics_sitenote_category":0,"footnotes":""},"categories":[12],"tags":[],"class_list":["post-4837","post","type-post","status-publish","format-standard","hentry","category-lettre-s"],"acf":[],"_links":{"self":[{"href":"https:\/\/www.lesmaconsdelacreuse.fr\/annuaires\/wp-json\/wp\/v2\/posts\/4837","targetHints":{"allow":["GET"]}}],"collection":[{"href":"https:\/\/www.lesmaconsdelacreuse.fr\/annuaires\/wp-json\/wp\/v2\/posts"}],"about":[{"href":"https:\/\/www.lesmaconsdelacreuse.fr\/annuaires\/wp-json\/wp\/v2\/types\/post"}],"author":[{"embeddable":true,"href":"https:\/\/www.lesmaconsdelacreuse.fr\/annuaires\/wp-json\/wp\/v2\/users\/2"}],"replies":[{"embeddable":true,"href":"https:\/\/www.lesmaconsdelacreuse.fr\/annuaires\/wp-json\/wp\/v2\/comments?post=4837"}],"version-history":[{"count":0,"href":"https:\/\/www.lesmaconsdelacreuse.fr\/annuaires\/wp-json\/wp\/v2\/posts\/4837\/revisions"}],"wp:attachment":[{"href":"https:\/\/www.lesmaconsdelacreuse.fr\/annuaires\/wp-json\/wp\/v2\/media?parent=4837"}],"wp:term":[{"taxonomy":"category","embeddable":true,"href":"https:\/\/www.lesmaconsdelacreuse.fr\/annuaires\/wp-json\/wp\/v2\/categories?post=4837"},{"taxonomy":"post_tag","embeddable":true,"href":"https:\/\/www.lesmaconsdelacreuse.fr\/annuaires\/wp-json\/wp\/v2\/tags?post=4837"}],"curies":[{"name":"wp","href":"https:\/\/api.w.org\/{rel}","templated":true}]}}