{"id":4841,"date":"2019-07-28T12:09:38","date_gmt":"2019-07-28T10:09:38","guid":{"rendered":"http:\/\/lesmaconsdelacreuse.fr\/annuaire\/?p=4841"},"modified":"2022-03-24T16:49:29","modified_gmt":"2022-03-24T15:49:29","slug":"s_62","status":"publish","type":"post","link":"https:\/\/www.lesmaconsdelacreuse.fr\/annuaires\/lettre-s\/s_62\/","title":{"rendered":"SAPANET Louis Pierre (1845-1915)"},"content":{"rendered":"<p class=\"last-updated\"><strong>Mis \u00e0 jour le :<\/strong> 01\/05\/2026<\/p><h2 style=\"text-align: center;\"><strong>Louis Pierre SAPANET<\/strong><\/h2>\n<p style=\"text-align: center;\"><strong>Louis SAPANET<\/strong><\/p>\n<p style=\"text-align: center;\"><strong>1845 \u2013 1915<\/strong><\/p>\n<p style=\"text-align: center;\"><img decoding=\"async\" title=\"\" src=\"https:\/\/lesmaconsdelacreuse.fr\/annuaire\/wp-content\/uploads\/2019\/07\/image1-1090.jpg\" alt=\"\" data-asset-id=\"4836\" data-source-id=\"i.0\" \/><\/p>\n<h4 style=\"text-align: center;\"><span style=\"color: #008000;\"><strong>entrepreneur en ma\u00e7onnerie<\/strong> et <strong>propri\u00e9taire<\/strong><\/span><\/h4>\n<p style=\"text-align: center;\">n\u00e9 au Planchadeau (Saint-Pierre-le-Bost)<\/p>\n<p style=\"text-align: center;\">le 23 septembre 1845<\/p>\n<p style=\"text-align: center;\">fils de<\/p>\n<p style=\"text-align: center;\">Damien SAPANET,<span style=\"color: #008000;\"><strong> ma\u00e7on \/ <\/strong><\/span>Catherine BAUDY<\/p>\n<p style=\"text-align: center;\">propri\u00e9taires cultivateurs<\/p>\n<p style=\"text-align: center;\"><span style=\"color: #ffffff;\">\u25d9<\/span><\/p>\n<p><em>Louis \u00e9pouse Anne Am\u00e9lie <\/em><strong>LAGARDE<\/strong><em> le 15 f\u00e9vrier <\/em><strong>1869<\/strong><em> \u00e0 Saint-Pierre-le-Bost (contrat Gloumeau au Monteil-au-Vicomte). <\/em><\/p>\n<p><em>Ils habitent <\/em><span style=\"color: #0000ff;\"><strong>Paris (75)<\/strong><\/span><em>\u00a0:<\/em><\/p>\n<p><strong>en 1870<\/strong><em>, 113, chemin du Maine, 14e arrondissement ; Louis est encore\u00a0 <\/em><span style=\"color: #008000;\"><strong>ma\u00e7on<\/strong><\/span><em>, et Anne couturi\u00e8re\u00a0;<\/em><\/p>\n<p><strong>en 1890, 1893, 1895 et 1898<\/strong><em>, 1 rue du Sabot, puis au 5 de la place Saint-Sulpice, les deux dans le 6e\u00a0;<\/em><\/p>\n<p><strong>en 1900 <\/strong><em>et au moins jusqu&rsquo;en<\/em><strong> 1907<\/strong><em>, 69, rue de Rennes, m\u00eame arrondissement.<\/em><\/p>\n<p><strong>En 1908<\/strong><em>, ils sont encore \u00e0 Paris.<\/em><\/p>\n<p><strong>En 1912<\/strong><em>, ils sont retir\u00e9s au Planchadeau\u00a0et y d\u00e9c\u00e8dent:<\/em><\/p>\n<ul>\n<li><em>Louis, le 10 avril <\/em><strong>1915<\/strong>,<em> \u00e2g\u00e9 de 69 ans<\/em><\/li>\n<li><em>Anne Am\u00e9lie, le 17 avril <\/em><strong>1916<\/strong><em>, \u00e2g\u00e9e de 72 ans<\/em><\/li>\n<\/ul>\n","protected":false},"excerpt":{"rendered":"<p>Mis \u00e0 jour le : 01\/05\/2026Louis Pierre SAPANET Louis SAPANET 1845 \u2013 1915 entrepreneur en ma\u00e7onnerie et propri\u00e9taire n\u00e9 au Planchadeau (Saint-Pierre-le-Bost) le 23 septembre 1845 fils de Damien SAPANET, ma\u00e7on \/ Catherine BAUDY propri\u00e9taires cultivateurs \u25d9 Louis \u00e9pouse Anne Am\u00e9lie LAGARDE le 15 f\u00e9vrier 1869 \u00e0 Saint-Pierre-le-Bost (contrat Gloumeau au Monteil-au-Vicomte). Ils habitent Paris ..<\/p>\n<div class=\"clear-fix\"><\/div>\n<p><a href=\"https:\/\/www.lesmaconsdelacreuse.fr\/annuaires\/lettre-s\/s_62\/\" title=\"Lire la suite...\">Lire la suite<\/a><\/p>\n","protected":false},"author":2,"featured_media":0,"comment_status":"closed","ping_status":"closed","sticky":false,"template":"","format":"standard","meta":{"_acf_changed":false,"_exactmetrics_skip_tracking":false,"_exactmetrics_sitenote_active":false,"_exactmetrics_sitenote_note":"","_exactmetrics_sitenote_category":0,"footnotes":""},"categories":[12],"tags":[],"class_list":["post-4841","post","type-post","status-publish","format-standard","hentry","category-lettre-s"],"acf":[],"_links":{"self":[{"href":"https:\/\/www.lesmaconsdelacreuse.fr\/annuaires\/wp-json\/wp\/v2\/posts\/4841","targetHints":{"allow":["GET"]}}],"collection":[{"href":"https:\/\/www.lesmaconsdelacreuse.fr\/annuaires\/wp-json\/wp\/v2\/posts"}],"about":[{"href":"https:\/\/www.lesmaconsdelacreuse.fr\/annuaires\/wp-json\/wp\/v2\/types\/post"}],"author":[{"embeddable":true,"href":"https:\/\/www.lesmaconsdelacreuse.fr\/annuaires\/wp-json\/wp\/v2\/users\/2"}],"replies":[{"embeddable":true,"href":"https:\/\/www.lesmaconsdelacreuse.fr\/annuaires\/wp-json\/wp\/v2\/comments?post=4841"}],"version-history":[{"count":1,"href":"https:\/\/www.lesmaconsdelacreuse.fr\/annuaires\/wp-json\/wp\/v2\/posts\/4841\/revisions"}],"predecessor-version":[{"id":196399,"href":"https:\/\/www.lesmaconsdelacreuse.fr\/annuaires\/wp-json\/wp\/v2\/posts\/4841\/revisions\/196399"}],"wp:attachment":[{"href":"https:\/\/www.lesmaconsdelacreuse.fr\/annuaires\/wp-json\/wp\/v2\/media?parent=4841"}],"wp:term":[{"taxonomy":"category","embeddable":true,"href":"https:\/\/www.lesmaconsdelacreuse.fr\/annuaires\/wp-json\/wp\/v2\/categories?post=4841"},{"taxonomy":"post_tag","embeddable":true,"href":"https:\/\/www.lesmaconsdelacreuse.fr\/annuaires\/wp-json\/wp\/v2\/tags?post=4841"}],"curies":[{"name":"wp","href":"https:\/\/api.w.org\/{rel}","templated":true}]}}