{"id":4846,"date":"2019-07-28T12:09:37","date_gmt":"2019-07-28T10:09:37","guid":{"rendered":"http:\/\/lesmaconsdelacreuse.fr\/annuaire\/?p=4846"},"modified":"2020-01-20T11:30:13","modified_gmt":"2020-01-20T10:30:13","slug":"s_54","status":"publish","type":"post","link":"https:\/\/www.lesmaconsdelacreuse.fr\/annuaires\/lettre-s\/s_54\/","title":{"rendered":"SAPANET Jean (1787-1838)"},"content":{"rendered":"<p class=\"last-updated\"><strong>Mis \u00e0 jour le :<\/strong> 01\/05\/2026<\/p><h2 style=\"text-align: center;\"><strong>Jean SAPANET<\/strong><\/h2>\n<p style=\"text-align: center;\"><strong>1787 \u2013 1838<\/strong><\/p>\n<p style=\"text-align: center;\"><img decoding=\"async\" title=\"\" src=\"https:\/\/lesmaconsdelacreuse.fr\/annuaire\/wp-content\/uploads\/2019\/07\/image1-1093.jpg\" alt=\"\" data-asset-id=\"4843\" data-source-id=\"i.0\" \/><\/p>\n<h4 style=\"text-align: center;\"><span style=\"color: #008000;\"><strong>ma\u00e7on <\/strong>et <strong>propri\u00e9taire cultivateur<\/strong><\/span><\/h4>\n<p style=\"text-align: center;\">n\u00e9 \u00e0 Rieublanc (Morterolles)<\/p>\n<p style=\"text-align: center;\">le 8 janvier 1787<\/p>\n<p style=\"text-align: center;\">fils de<\/p>\n<p style=\"text-align: center;\">Damien SAPANET \/ Marie NADAUD<\/p>\n<p style=\"text-align: center;\">cultivateurs<\/p>\n<p style=\"text-align: center;\"><span style=\"color: #ffffff;\">\u25d9<\/span><\/p>\n<p><em>Jean \u00e9pouse Catherine <\/em><strong>FAURE<\/strong><em> le 22 pluvi\u00f4se an XIII (11 f\u00e9vrier <\/em><strong>1805<\/strong><em>) \u00e0 Saint-Marc-\u00e0-Loubaud.<\/em><\/p>\n<p><em> Ils habitent le village de Rieublanc. <\/em><\/p>\n<p><em>Ils d\u00e9c\u00e8dent\u00a0:<\/em><\/p>\n<ul>\n<li><em>Catherine, \u00e0 Train, commune de Saint-Marc, le 12 f\u00e9vrier <\/em><strong>1838<\/strong><em>, \u00e2g\u00e9e de 49 ans<\/em><\/li>\n<li><em>Jean, \u00e0 Rieublanc, le 16 du m\u00eame mois, \u00e2g\u00e9 de 51 ans<\/em><\/li>\n<\/ul>\n","protected":false},"excerpt":{"rendered":"<p>Mis \u00e0 jour le : 01\/05\/2026Jean SAPANET 1787 \u2013 1838 ma\u00e7on et propri\u00e9taire cultivateur n\u00e9 \u00e0 Rieublanc (Morterolles) le 8 janvier 1787 fils de Damien SAPANET \/ Marie NADAUD cultivateurs \u25d9 Jean \u00e9pouse Catherine FAURE le 22 pluvi\u00f4se an XIII (11 f\u00e9vrier 1805) \u00e0 Saint-Marc-\u00e0-Loubaud. Ils habitent le village de Rieublanc. Ils d\u00e9c\u00e8dent\u00a0: Catherine, \u00e0 ..<\/p>\n<div class=\"clear-fix\"><\/div>\n<p><a href=\"https:\/\/www.lesmaconsdelacreuse.fr\/annuaires\/lettre-s\/s_54\/\" title=\"Lire la suite...\">Lire la suite<\/a><\/p>\n","protected":false},"author":2,"featured_media":0,"comment_status":"closed","ping_status":"closed","sticky":false,"template":"","format":"standard","meta":{"_acf_changed":false,"_exactmetrics_skip_tracking":false,"_exactmetrics_sitenote_active":false,"_exactmetrics_sitenote_note":"","_exactmetrics_sitenote_category":0,"footnotes":""},"categories":[12],"tags":[],"class_list":["post-4846","post","type-post","status-publish","format-standard","hentry","category-lettre-s"],"acf":[],"_links":{"self":[{"href":"https:\/\/www.lesmaconsdelacreuse.fr\/annuaires\/wp-json\/wp\/v2\/posts\/4846","targetHints":{"allow":["GET"]}}],"collection":[{"href":"https:\/\/www.lesmaconsdelacreuse.fr\/annuaires\/wp-json\/wp\/v2\/posts"}],"about":[{"href":"https:\/\/www.lesmaconsdelacreuse.fr\/annuaires\/wp-json\/wp\/v2\/types\/post"}],"author":[{"embeddable":true,"href":"https:\/\/www.lesmaconsdelacreuse.fr\/annuaires\/wp-json\/wp\/v2\/users\/2"}],"replies":[{"embeddable":true,"href":"https:\/\/www.lesmaconsdelacreuse.fr\/annuaires\/wp-json\/wp\/v2\/comments?post=4846"}],"version-history":[{"count":0,"href":"https:\/\/www.lesmaconsdelacreuse.fr\/annuaires\/wp-json\/wp\/v2\/posts\/4846\/revisions"}],"wp:attachment":[{"href":"https:\/\/www.lesmaconsdelacreuse.fr\/annuaires\/wp-json\/wp\/v2\/media?parent=4846"}],"wp:term":[{"taxonomy":"category","embeddable":true,"href":"https:\/\/www.lesmaconsdelacreuse.fr\/annuaires\/wp-json\/wp\/v2\/categories?post=4846"},{"taxonomy":"post_tag","embeddable":true,"href":"https:\/\/www.lesmaconsdelacreuse.fr\/annuaires\/wp-json\/wp\/v2\/tags?post=4846"}],"curies":[{"name":"wp","href":"https:\/\/api.w.org\/{rel}","templated":true}]}}