{"id":4850,"date":"2019-07-28T12:09:36","date_gmt":"2019-07-28T10:09:36","guid":{"rendered":"http:\/\/lesmaconsdelacreuse.fr\/annuaire\/?p=4850"},"modified":"2022-04-30T18:04:36","modified_gmt":"2022-04-30T16:04:36","slug":"s_56","status":"publish","type":"post","link":"https:\/\/www.lesmaconsdelacreuse.fr\/annuaires\/lettre-s\/s_56\/","title":{"rendered":"SAPANET Jean (1811-entre 1874 et 1882)"},"content":{"rendered":"<p class=\"last-updated\"><strong>Mis \u00e0 jour le :<\/strong> 01\/05\/2026<\/p><h2 style=\"text-align: center;\"><strong>Jean SAPANET<\/strong><\/h2>\n<p style=\"text-align: center;\"><strong>1811 \u2013 entre 1874 et 1882<\/strong><\/p>\n<p style=\"text-align: center;\"><img decoding=\"async\" title=\"\" src=\"https:\/\/lesmaconsdelacreuse.fr\/annuaire\/wp-content\/uploads\/2019\/07\/image1-1094.jpg\" alt=\"\" data-asset-id=\"4849\" data-source-id=\"i.0\" \/><\/p>\n<h4 style=\"text-align: center;\"><span style=\"color: #008000;\"><strong>ma\u00e7on <\/strong>et <strong>propri\u00e9taire cultivateur<\/strong><\/span><\/h4>\n<p style=\"text-align: center;\">n\u00e9 \u00e0 Rieublanc (Morterolles)<\/p>\n<p style=\"text-align: center;\">le 23 octobre 1811<\/p>\n<p style=\"text-align: center;\">fils de<\/p>\n<p style=\"text-align: center;\">Jean SAPANET,<span style=\"color: #008000;\"> <strong>ma\u00e7on \/ <\/strong><\/span>Catherine LEFAURE<\/p>\n<p style=\"text-align: center;\">propri\u00e9taires cultivateurs<\/p>\n<p style=\"text-align: center;\"><span style=\"color: #ffffff;\">\u25d9<\/span><\/p>\n<p><em>Jean \u00e9pouse Jeanne <\/em><strong>MALEDENT<\/strong><em> le 29 janvier <\/em><strong>1835<\/strong><em> \u00e0 Gentioux\u00a0 (contrat Tixier-Dubreuil \u00e0 La Nouaille). <\/em><em>Le couple vit \u00e0 Rieublanc. <\/em><\/p>\n<p><em>La m\u00eame ann\u00e9e, Jean travaille dans le <\/em><span style=\"color: #0000ff;\"><strong>Rh\u00f4ne (69)<\/strong><\/span><em>.<\/em><\/p>\n","protected":false},"excerpt":{"rendered":"<p>Mis \u00e0 jour le : 01\/05\/2026Jean SAPANET 1811 \u2013 entre 1874 et 1882 ma\u00e7on et propri\u00e9taire cultivateur n\u00e9 \u00e0 Rieublanc (Morterolles) le 23 octobre 1811 fils de Jean SAPANET, ma\u00e7on \/ Catherine LEFAURE propri\u00e9taires cultivateurs \u25d9 Jean \u00e9pouse Jeanne MALEDENT le 29 janvier 1835 \u00e0 Gentioux\u00a0 (contrat Tixier-Dubreuil \u00e0 La Nouaille). Le couple vit \u00e0 ..<\/p>\n<div class=\"clear-fix\"><\/div>\n<p><a href=\"https:\/\/www.lesmaconsdelacreuse.fr\/annuaires\/lettre-s\/s_56\/\" title=\"Lire la suite...\">Lire la suite<\/a><\/p>\n","protected":false},"author":2,"featured_media":0,"comment_status":"closed","ping_status":"closed","sticky":false,"template":"","format":"standard","meta":{"_acf_changed":false,"_exactmetrics_skip_tracking":false,"_exactmetrics_sitenote_active":false,"_exactmetrics_sitenote_note":"","_exactmetrics_sitenote_category":0,"footnotes":""},"categories":[12],"tags":[],"class_list":["post-4850","post","type-post","status-publish","format-standard","hentry","category-lettre-s"],"acf":[],"_links":{"self":[{"href":"https:\/\/www.lesmaconsdelacreuse.fr\/annuaires\/wp-json\/wp\/v2\/posts\/4850","targetHints":{"allow":["GET"]}}],"collection":[{"href":"https:\/\/www.lesmaconsdelacreuse.fr\/annuaires\/wp-json\/wp\/v2\/posts"}],"about":[{"href":"https:\/\/www.lesmaconsdelacreuse.fr\/annuaires\/wp-json\/wp\/v2\/types\/post"}],"author":[{"embeddable":true,"href":"https:\/\/www.lesmaconsdelacreuse.fr\/annuaires\/wp-json\/wp\/v2\/users\/2"}],"replies":[{"embeddable":true,"href":"https:\/\/www.lesmaconsdelacreuse.fr\/annuaires\/wp-json\/wp\/v2\/comments?post=4850"}],"version-history":[{"count":2,"href":"https:\/\/www.lesmaconsdelacreuse.fr\/annuaires\/wp-json\/wp\/v2\/posts\/4850\/revisions"}],"predecessor-version":[{"id":198513,"href":"https:\/\/www.lesmaconsdelacreuse.fr\/annuaires\/wp-json\/wp\/v2\/posts\/4850\/revisions\/198513"}],"wp:attachment":[{"href":"https:\/\/www.lesmaconsdelacreuse.fr\/annuaires\/wp-json\/wp\/v2\/media?parent=4850"}],"wp:term":[{"taxonomy":"category","embeddable":true,"href":"https:\/\/www.lesmaconsdelacreuse.fr\/annuaires\/wp-json\/wp\/v2\/categories?post=4850"},{"taxonomy":"post_tag","embeddable":true,"href":"https:\/\/www.lesmaconsdelacreuse.fr\/annuaires\/wp-json\/wp\/v2\/tags?post=4850"}],"curies":[{"name":"wp","href":"https:\/\/api.w.org\/{rel}","templated":true}]}}