{"id":4853,"date":"2019-07-28T12:09:35","date_gmt":"2019-07-28T10:09:35","guid":{"rendered":"http:\/\/lesmaconsdelacreuse.fr\/annuaire\/?p=4853"},"modified":"2020-01-20T11:30:13","modified_gmt":"2020-01-20T10:30:13","slug":"s_53","status":"publish","type":"post","link":"https:\/\/www.lesmaconsdelacreuse.fr\/annuaires\/lettre-s\/s_53\/","title":{"rendered":"SAPANET L\u00e9onard Damien (1816-1871)"},"content":{"rendered":"<p class=\"last-updated\"><strong>Mis \u00e0 jour le :<\/strong> 01\/05\/2026<\/p><h2 style=\"text-align: center;\"><strong>L\u00e9onard Damien SAPANET<\/strong><\/h2>\n<p style=\"text-align: center;\"><strong>Damien SAPANET<\/strong><\/p>\n<h5 style=\"text-align: center;\"><strong>1816 \u2013 1871<\/strong><\/h5>\n<p style=\"text-align: center;\"><img decoding=\"async\" title=\"\" src=\"https:\/\/lesmaconsdelacreuse.fr\/annuaire\/wp-content\/uploads\/2019\/07\/image1-1095.jpg\" alt=\"\" data-asset-id=\"4851\" data-source-id=\"i.0\" \/><\/p>\n<h4 style=\"text-align: center;\"><span style=\"color: #008000;\"><strong>ma\u00e7on <\/strong>et <strong>propri\u00e9taire cultivateur<\/strong><\/span><\/h4>\n<p style=\"text-align: center;\">n\u00e9 au Planchadeau (Saint-Pierre-le-Bost)<\/p>\n<p style=\"text-align: center;\">le 14 mai 1816<\/p>\n<p style=\"text-align: center;\">fils de<\/p>\n<p style=\"text-align: center;\">L\u00e9onard SAPANET, <span style=\"color: #008000;\"><strong>ma\u00e7on \/ <\/strong><\/span>Marie LEGROS<\/p>\n<p style=\"text-align: center;\">propri\u00e9taires cultivateurs<\/p>\n<p style=\"text-align: center;\"><span style=\"color: #ffffff;\">\u25d9<\/span><\/p>\n<p><strong>En 1837<\/strong><em>, Damien travaille dans le <\/em><span style=\"color: #0000ff;\"><strong>Rh\u00f4ne <\/strong><\/span><em>et y passe le conseil de r\u00e9vision. Il est dispens\u00e9 de service militaire pour d\u00e9faut de taille.<\/em><\/p>\n<p><em> Il \u00e9pouse Catherine <\/em><strong>BAUDY <\/strong><em>le 30 janvier de la m\u00eame ann\u00e9e \u00e0 Saint-Pierre (contrat Lepetit au Monteil-au-Vicomte). Le couple habite Le Planchadeau. <\/em><\/p>\n<p><strong>En 1842 et 1845<\/strong><em>, Damien travaille \u00e0 <\/em><span style=\"color: #0000ff;\"><strong>Lyon (69)<\/strong><\/span><em>.<\/em><\/p>\n<p><em>Les \u00e9poux d\u00e9c\u00e8dent au Planchadeau\u00a0:<\/em><\/p>\n<ul>\n<li><em>Damien, le 14 d\u00e9cembre <\/em><strong>1871<\/strong><em>, \u00e2g\u00e9 de 55 ans<\/em><\/li>\n<li><em>Catherine, le 5 septembre <\/em><strong>1896<\/strong><em>, \u00e2g\u00e9e de 78 ans<\/em><\/li>\n<\/ul>\n<p><strong>\u00a0<\/strong><\/p>\n<p style=\"text-align: center;\"><span style=\"color: #ffffff;\">\u25d9<\/span><\/p>\n","protected":false},"excerpt":{"rendered":"<p>Mis \u00e0 jour le : 01\/05\/2026L\u00e9onard Damien SAPANET Damien SAPANET 1816 \u2013 1871 ma\u00e7on et propri\u00e9taire cultivateur n\u00e9 au Planchadeau (Saint-Pierre-le-Bost) le 14 mai 1816 fils de L\u00e9onard SAPANET, ma\u00e7on \/ Marie LEGROS propri\u00e9taires cultivateurs \u25d9 En 1837, Damien travaille dans le Rh\u00f4ne et y passe le conseil de r\u00e9vision. Il est dispens\u00e9 de service ..<\/p>\n<div class=\"clear-fix\"><\/div>\n<p><a href=\"https:\/\/www.lesmaconsdelacreuse.fr\/annuaires\/lettre-s\/s_53\/\" title=\"Lire la suite...\">Lire la suite<\/a><\/p>\n","protected":false},"author":2,"featured_media":0,"comment_status":"closed","ping_status":"closed","sticky":false,"template":"","format":"standard","meta":{"_acf_changed":false,"_exactmetrics_skip_tracking":false,"_exactmetrics_sitenote_active":false,"_exactmetrics_sitenote_note":"","_exactmetrics_sitenote_category":0,"footnotes":""},"categories":[12],"tags":[],"class_list":["post-4853","post","type-post","status-publish","format-standard","hentry","category-lettre-s"],"acf":[],"_links":{"self":[{"href":"https:\/\/www.lesmaconsdelacreuse.fr\/annuaires\/wp-json\/wp\/v2\/posts\/4853","targetHints":{"allow":["GET"]}}],"collection":[{"href":"https:\/\/www.lesmaconsdelacreuse.fr\/annuaires\/wp-json\/wp\/v2\/posts"}],"about":[{"href":"https:\/\/www.lesmaconsdelacreuse.fr\/annuaires\/wp-json\/wp\/v2\/types\/post"}],"author":[{"embeddable":true,"href":"https:\/\/www.lesmaconsdelacreuse.fr\/annuaires\/wp-json\/wp\/v2\/users\/2"}],"replies":[{"embeddable":true,"href":"https:\/\/www.lesmaconsdelacreuse.fr\/annuaires\/wp-json\/wp\/v2\/comments?post=4853"}],"version-history":[{"count":0,"href":"https:\/\/www.lesmaconsdelacreuse.fr\/annuaires\/wp-json\/wp\/v2\/posts\/4853\/revisions"}],"wp:attachment":[{"href":"https:\/\/www.lesmaconsdelacreuse.fr\/annuaires\/wp-json\/wp\/v2\/media?parent=4853"}],"wp:term":[{"taxonomy":"category","embeddable":true,"href":"https:\/\/www.lesmaconsdelacreuse.fr\/annuaires\/wp-json\/wp\/v2\/categories?post=4853"},{"taxonomy":"post_tag","embeddable":true,"href":"https:\/\/www.lesmaconsdelacreuse.fr\/annuaires\/wp-json\/wp\/v2\/tags?post=4853"}],"curies":[{"name":"wp","href":"https:\/\/api.w.org\/{rel}","templated":true}]}}