{"id":4857,"date":"2019-07-28T12:09:34","date_gmt":"2019-07-28T10:09:34","guid":{"rendered":"http:\/\/lesmaconsdelacreuse.fr\/annuaire\/?p=4857"},"modified":"2020-01-20T11:30:13","modified_gmt":"2020-01-20T10:30:13","slug":"s_55","status":"publish","type":"post","link":"https:\/\/www.lesmaconsdelacreuse.fr\/annuaires\/lettre-s\/s_55\/","title":{"rendered":"SAPANET Jean (1799-entre 1834 et 1848)"},"content":{"rendered":"<p class=\"last-updated\"><strong>Mis \u00e0 jour le :<\/strong> 01\/05\/2026<\/p><h2 style=\"text-align: center;\"><strong>Jean SAPANET<\/strong><\/h2>\n<p style=\"text-align: center;\"><strong>1799 \u2013 entre 1834 et 1848<\/strong><\/p>\n<p style=\"text-align: center;\"><img decoding=\"async\" title=\"\" src=\"https:\/\/lesmaconsdelacreuse.fr\/annuaire\/wp-content\/uploads\/2019\/07\/image1-1097.jpg\" alt=\"\" data-asset-id=\"4856\" data-source-id=\"i.0\" \/><\/p>\n<h4 style=\"text-align: center;\"><span style=\"color: #008000;\"><strong>ma\u00e7on <\/strong><span style=\"color: #000000;\"><span style=\"color: #008000;\">et<\/span> <\/span><\/span><span style=\"color: #008000;\"><strong>propri\u00e9taire cultivateur<\/strong><\/span><\/h4>\n<p style=\"text-align: center;\">n\u00e9 \u00e0 Rieublanc (Morterolles)<\/p>\n<p style=\"text-align: center;\">le 1er flor\u00e9al an VII (20 avril 1799)<\/p>\n<p style=\"text-align: center;\">fils de<\/p>\n<p style=\"text-align: center;\">Damien SAPANET \/ Marie NADAUD<\/p>\n<p style=\"text-align: center;\">cultivateurs<\/p>\n<p style=\"text-align: center;\"><span style=\"color: #ffffff;\">\u25d9<\/span><\/p>\n<p><em>Jean \u00e9pouse Marie <\/em><strong>GERMOUTY<\/strong><em> le 23 f\u00e9vrier <\/em><strong>1829<\/strong><em> \u00e0 Saint-Yriex-la-Montagne (contrat Lepetit au Monteil-au-Vicomte). <\/em><\/p>\n<p><em>Ils vivent \u00e0 Rieublanc. <\/em><\/p>\n<p><strong>En 1830<\/strong><em>, lors de la naissance de leur fille Fran\u00e7oise, Jean est dit \u00ab\u00a0travaillant actuellement dans le d\u00e9partement du <\/em><span style=\"color: #0000ff;\"><strong>Rh\u00f4ne<\/strong><\/span><em>\u00a0\u00bb. <\/em><span style=\"color: #0000ff;\"><strong>(69)<\/strong><\/span><\/p>\n<p><em>Marie d\u00e9c\u00e8de veuve \u00e0 Rieublanc le 25 janvier <\/em><strong>1862<\/strong><em>, \u00e2g\u00e9e de 60 ans.<\/em><\/p>\n","protected":false},"excerpt":{"rendered":"<p>Mis \u00e0 jour le : 01\/05\/2026Jean SAPANET 1799 \u2013 entre 1834 et 1848 ma\u00e7on et propri\u00e9taire cultivateur n\u00e9 \u00e0 Rieublanc (Morterolles) le 1er flor\u00e9al an VII (20 avril 1799) fils de Damien SAPANET \/ Marie NADAUD cultivateurs \u25d9 Jean \u00e9pouse Marie GERMOUTY le 23 f\u00e9vrier 1829 \u00e0 Saint-Yriex-la-Montagne (contrat Lepetit au Monteil-au-Vicomte). Ils vivent \u00e0 ..<\/p>\n<div class=\"clear-fix\"><\/div>\n<p><a href=\"https:\/\/www.lesmaconsdelacreuse.fr\/annuaires\/lettre-s\/s_55\/\" title=\"Lire la suite...\">Lire la suite<\/a><\/p>\n","protected":false},"author":2,"featured_media":0,"comment_status":"closed","ping_status":"closed","sticky":false,"template":"","format":"standard","meta":{"_acf_changed":false,"_exactmetrics_skip_tracking":false,"_exactmetrics_sitenote_active":false,"_exactmetrics_sitenote_note":"","_exactmetrics_sitenote_category":0,"footnotes":""},"categories":[12],"tags":[],"class_list":["post-4857","post","type-post","status-publish","format-standard","hentry","category-lettre-s"],"acf":[],"_links":{"self":[{"href":"https:\/\/www.lesmaconsdelacreuse.fr\/annuaires\/wp-json\/wp\/v2\/posts\/4857","targetHints":{"allow":["GET"]}}],"collection":[{"href":"https:\/\/www.lesmaconsdelacreuse.fr\/annuaires\/wp-json\/wp\/v2\/posts"}],"about":[{"href":"https:\/\/www.lesmaconsdelacreuse.fr\/annuaires\/wp-json\/wp\/v2\/types\/post"}],"author":[{"embeddable":true,"href":"https:\/\/www.lesmaconsdelacreuse.fr\/annuaires\/wp-json\/wp\/v2\/users\/2"}],"replies":[{"embeddable":true,"href":"https:\/\/www.lesmaconsdelacreuse.fr\/annuaires\/wp-json\/wp\/v2\/comments?post=4857"}],"version-history":[{"count":0,"href":"https:\/\/www.lesmaconsdelacreuse.fr\/annuaires\/wp-json\/wp\/v2\/posts\/4857\/revisions"}],"wp:attachment":[{"href":"https:\/\/www.lesmaconsdelacreuse.fr\/annuaires\/wp-json\/wp\/v2\/media?parent=4857"}],"wp:term":[{"taxonomy":"category","embeddable":true,"href":"https:\/\/www.lesmaconsdelacreuse.fr\/annuaires\/wp-json\/wp\/v2\/categories?post=4857"},{"taxonomy":"post_tag","embeddable":true,"href":"https:\/\/www.lesmaconsdelacreuse.fr\/annuaires\/wp-json\/wp\/v2\/tags?post=4857"}],"curies":[{"name":"wp","href":"https:\/\/api.w.org\/{rel}","templated":true}]}}